{"id":13120,"date":"2025-02-26T14:26:21","date_gmt":"2025-02-26T13:26:21","guid":{"rendered":"https:\/\/gymnasium-nordenham.de\/?p=13120"},"modified":"2025-02-26T14:32:52","modified_gmt":"2025-02-26T13:32:52","slug":"mit-erasmus-zur-europaeischen-union","status":"publish","type":"post","link":"https:\/\/gymnasium-nordenham.de\/en\/mit-erasmus-zur-europaeischen-union","title":{"rendered":"Mit Erasmus+ zur Europ\u00e4ischen Union"},"content":{"rendered":"<div data-elementor-type=\"wp-post\" data-elementor-id=\"13120\" class=\"elementor elementor-13120\" data-elementor-post-type=\"post\">\n\t\t\t\t\t\t<section class=\"elementor-section elementor-top-section elementor-element elementor-element-118ff95 elementor-section-full_width elementor-section-height-default elementor-section-height-default\" data-id=\"118ff95\" data-element_type=\"section\" data-e-type=\"section\">\n\t\t\t\t\t\t<div class=\"elementor-container elementor-column-gap-default\">\n\t\t\t\t\t<div class=\"elementor-column elementor-col-66 elementor-top-column elementor-element elementor-element-34dc24d\" data-id=\"34dc24d\" data-element_type=\"column\" data-e-type=\"column\">\n\t\t\t<div class=\"elementor-widget-wrap elementor-element-populated\">\n\t\t\t\t\t\t<div class=\"elementor-element elementor-element-3495d02 elementor-widget elementor-widget-heading\" data-id=\"3495d02\" data-element_type=\"widget\" data-e-type=\"widget\" data-widget_type=\"heading.default\">\n\t\t\t\t<div class=\"elementor-widget-container\">\n\t\t\t\t\t<h2 class=\"elementor-heading-title elementor-size-default\">HTL M\u00f6dling aus \u00d6sterreich und Gymnasium Nordenham auf EU-Exkursion in Br\u00fcssel <\/h2>\t\t\t\t<\/div>\n\t\t\t\t<\/div>\n\t\t\t\t<div class=\"elementor-element elementor-element-ecde086 elementor-widget elementor-widget-image\" data-id=\"ecde086\" data-element_type=\"widget\" data-e-type=\"widget\" data-widget_type=\"image.default\">\n\t\t\t\t<div class=\"elementor-widget-container\">\n\t\t\t\t\t\t\t\t\t\t\t\t\t\t\t<img decoding=\"async\" width=\"640\" height=\"1\" src=\"https:\/\/gymnasium-nordenham.de\/wp-content\/uploads\/2020\/04\/spektrumani.gif\" class=\"attachment-large size-large wp-image-1204\" alt=\"\" \/>\t\t\t\t\t\t\t\t\t\t\t\t\t\t\t<\/div>\n\t\t\t\t<\/div>\n\t\t\t\t<section class=\"elementor-section elementor-inner-section elementor-element elementor-element-b58757a elementor-section-boxed elementor-section-height-default elementor-section-height-default\" data-id=\"b58757a\" data-element_type=\"section\" data-e-type=\"section\">\n\t\t\t\t\t\t<div class=\"elementor-container elementor-column-gap-default\">\n\t\t\t\t\t<div class=\"elementor-column elementor-col-50 elementor-inner-column elementor-element elementor-element-f8b6ad6\" data-id=\"f8b6ad6\" data-element_type=\"column\" data-e-type=\"column\">\n\t\t\t<div class=\"elementor-widget-wrap elementor-element-populated\">\n\t\t\t\t\t\t<div class=\"elementor-element elementor-element-495e16a elementor-widget elementor-widget-image\" data-id=\"495e16a\" data-element_type=\"widget\" data-e-type=\"widget\" data-widget_type=\"image.default\">\n\t\t\t\t<div class=\"elementor-widget-container\">\n\t\t\t\t\t\t\t\t\t\t\t\t\t\t\t<img fetchpriority=\"high\" decoding=\"async\" width=\"640\" height=\"360\" src=\"https:\/\/gymnasium-nordenham.de\/wp-content\/uploads\/2025\/02\/IMG_3445-1024x576.jpg\" class=\"attachment-large size-large wp-image-13124\" alt=\"\" srcset=\"https:\/\/gymnasium-nordenham.de\/wp-content\/uploads\/2025\/02\/IMG_3445-1024x576.jpg 1024w, https:\/\/gymnasium-nordenham.de\/wp-content\/uploads\/2025\/02\/IMG_3445-300x169.jpg 300w, https:\/\/gymnasium-nordenham.de\/wp-content\/uploads\/2025\/02\/IMG_3445-768x432.jpg 768w, https:\/\/gymnasium-nordenham.de\/wp-content\/uploads\/2025\/02\/IMG_3445-1536x864.jpg 1536w, https:\/\/gymnasium-nordenham.de\/wp-content\/uploads\/2025\/02\/IMG_3445-2048x1152.jpg 2048w\" sizes=\"(max-width: 640px) 100vw, 640px\" \/>\t\t\t\t\t\t\t\t\t\t\t\t\t\t\t<\/div>\n\t\t\t\t<\/div>\n\t\t\t\t\t<\/div>\n\t\t<\/div>\n\t\t\t\t<div class=\"elementor-column elementor-col-50 elementor-inner-column elementor-element elementor-element-116233d\" data-id=\"116233d\" data-element_type=\"column\" data-e-type=\"column\">\n\t\t\t<div class=\"elementor-widget-wrap elementor-element-populated\">\n\t\t\t\t\t\t<div class=\"elementor-element elementor-element-1c2529c elementor-widget elementor-widget-image\" data-id=\"1c2529c\" data-element_type=\"widget\" data-e-type=\"widget\" data-widget_type=\"image.default\">\n\t\t\t\t<div class=\"elementor-widget-container\">\n\t\t\t\t\t\t\t\t\t\t\t\t\t\t\t<img decoding=\"async\" width=\"640\" height=\"360\" src=\"https:\/\/gymnasium-nordenham.de\/wp-content\/uploads\/2025\/02\/IMG_3481-768x432.jpg\" class=\"attachment-medium_large size-medium_large wp-image-13122\" alt=\"\" srcset=\"https:\/\/gymnasium-nordenham.de\/wp-content\/uploads\/2025\/02\/IMG_3481-768x432.jpg 768w, https:\/\/gymnasium-nordenham.de\/wp-content\/uploads\/2025\/02\/IMG_3481-300x169.jpg 300w, https:\/\/gymnasium-nordenham.de\/wp-content\/uploads\/2025\/02\/IMG_3481-1024x576.jpg 1024w, https:\/\/gymnasium-nordenham.de\/wp-content\/uploads\/2025\/02\/IMG_3481-1536x864.jpg 1536w, https:\/\/gymnasium-nordenham.de\/wp-content\/uploads\/2025\/02\/IMG_3481-2048x1152.jpg 2048w\" sizes=\"(max-width: 640px) 100vw, 640px\" \/>\t\t\t\t\t\t\t\t\t\t\t\t\t\t\t<\/div>\n\t\t\t\t<\/div>\n\t\t\t\t\t<\/div>\n\t\t<\/div>\n\t\t\t\t\t<\/div>\n\t\t<\/section>\n\t\t\t\t<div class=\"elementor-element elementor-element-8b49f50 elementor-widget elementor-widget-text-editor\" data-id=\"8b49f50\" data-element_type=\"widget\" data-e-type=\"widget\" data-widget_type=\"text-editor.default\">\n\t\t\t\t<div class=\"elementor-widget-container\">\n\t\t\t\t\t\t\t\t\t<p style=\"text-align: justify;\"><span style=\"font-family: georgia, palatino, serif; font-size: 12pt;\">Vom 17. bis 22. Februar 2025 hatten die Sch\u00fclerinnen und Sch\u00fcler der 4B der Abteilung Elektrotechnik der HTL M\u00f6dling die Gelegenheit, gemeinsam mit einer Gruppe des Gymnasiums Nordenham aus Deutschland eine spannende Exkursionswoche in Br\u00fcssel zu verbringen.<\/span><br \/><span style=\"font-family: georgia, palatino, serif; font-size: 12pt;\">Der thematische Schwerpunkt lag auf den europ\u00e4ischen Institutionen und Menschenrechten. Ein besonderes Highlight war der Besuch im Europ\u00e4ischen Parlament, wo die Gruppe nicht nur eine F\u00fchrung durch den Besucherdienst erhielt, sondern auch die Gelegenheit hatte, sich mit dem Europaabgeordneten David McAllister \u00fcber aktuelle politische Themen und die parlamentarische Arbeit auszutauschen. Ein weiteres zentrales Erlebnis war der Besuch des Sacharow Walk of Freedom, bei dem sich die Teilnehmenden intensiv mit dem Thema Menschenrechte auseinandersetzten.<\/span><br \/><span style=\"font-family: georgia, palatino, serif; font-size: 12pt;\">Erg\u00e4nzt wurde das Programm durch Besuche im Rat der Europ\u00e4ischen Union, der St\u00e4ndigen Vertretung \u00d6sterreichs bei der EU, der St\u00e4ndigen Vertretung Deutschlands bei der NATO sowie im Haus der Europ\u00e4ischen Geschichte. Die Sch\u00fclerinnen und Sch\u00fcler erhielten dabei wertvolle Einblicke in die Arbeitsweise und die Entscheidungsprozesse von EU und NATO.<\/span><br \/><span style=\"font-family: georgia, palatino, serif; font-size: 12pt;\">Neben dem politischen Programm standen auch kulturelle Highlights auf dem Plan: Eine Stadtf\u00fchrung durch Br\u00fcssel, der Besuch des ikonischen Atomiums sowie ein Tagesausflug nach Br\u00fcgge und Gent, wo die Teilnehmenden die historischen Altst\u00e4dte erkundeten.<\/span><br \/><span style=\"font-family: georgia, palatino, serif; font-size: 12pt;\">Das Erasmus+ Projekt hatte klare Lernziele: Die Sch\u00fclerinnen und Sch\u00fcler sollten nicht nur mehr \u00fcber die EU und ihre Werte erfahren, sondern auch ein tieferes Verst\u00e4ndnis f\u00fcr demokratische Prozesse entwickeln. Eine zentrale Erkenntnis der Projektreise war, dass eine funktionierende Demokratie unser aller Engagement erfordert.<\/span><br \/><span style=\"font-family: georgia, palatino, serif; font-size: 12pt;\">Die Exkursion war somit eine bereichernde Erfahrung, die den Teilnehmenden wertvolle Einblicke in die europ\u00e4ische Politik erm\u00f6glichte und ihre Bereitschaft, sich aktiv in demokratische Prozesse einzubringen, nachhaltig f\u00f6rderte.<\/span><\/p>\t\t\t\t\t\t\t\t<\/div>\n\t\t\t\t<\/div>\n\t\t\t\t\t<\/div>\n\t\t<\/div>\n\t\t\t\t<div class=\"elementor-column elementor-col-33 elementor-top-column elementor-element elementor-element-a2de6f4\" data-id=\"a2de6f4\" data-element_type=\"column\" data-e-type=\"column\">\n\t\t\t<div class=\"elementor-widget-wrap elementor-element-populated\">\n\t\t\t\t\t\t<div class=\"elementor-element elementor-element-8fba690 elementor-widget elementor-widget-heading\" data-id=\"8fba690\" data-element_type=\"widget\" data-e-type=\"widget\" data-widget_type=\"heading.default\">\n\t\t\t\t<div class=\"elementor-widget-container\">\n\t\t\t\t\t<h2 class=\"elementor-heading-title elementor-size-default\">Wichtiges im \u00dcberblick<\/h2>\t\t\t\t<\/div>\n\t\t\t\t<\/div>\n\t\t\t\t<div class=\"elementor-element elementor-element-29b69af elementor-nav-menu__align-start elementor-nav-menu--dropdown-tablet elementor-nav-menu__text-align-aside elementor-widget elementor-widget-nav-menu\" data-id=\"29b69af\" data-element_type=\"widget\" data-e-type=\"widget\" data-settings=\"{&quot;layout&quot;:&quot;vertical&quot;,&quot;submenu_icon&quot;:{&quot;value&quot;:&quot;&lt;i class=\\&quot;fas e-plus-icon\\&quot; aria-hidden=\\&quot;true\\&quot;&gt;&lt;\\\/i&gt;&quot;,&quot;library&quot;:&quot;&quot;}}\" data-widget_type=\"nav-menu.default\">\n\t\t\t\t<div class=\"elementor-widget-container\">\n\t\t\t\t\t\t\t\t<nav aria-label=\"Men\u00fc\" class=\"elementor-nav-menu--main elementor-nav-menu__container elementor-nav-menu--layout-vertical e--pointer-none\">\n\t\t\t\t<ul id=\"menu-1-29b69af\" class=\"elementor-nav-menu sm-vertical\"><li class=\"menu-item menu-item-type-post_type menu-item-object-page menu-item-5094\"><a href=\"https:\/\/gymnasium-nordenham.de\/en\/formulare-und-downloads\" class=\"elementor-item\">Formulare und Downloads<\/a><\/li>\n<li class=\"menu-item menu-item-type-custom menu-item-object-custom menu-item-3155\"><a href=\"https:\/\/account.sams-on.de\/authentication\/login?instance=gym-nordenham\" class=\"elementor-item\">Mittagessen Online Bestellung<\/a><\/li>\n<li class=\"menu-item menu-item-type-custom menu-item-object-custom menu-item-3156\"><a href=\"https:\/\/webuntis.com\/\" class=\"elementor-item\">Online Vertretungsplan<\/a><\/li>\n<li class=\"menu-item menu-item-type-post_type menu-item-object-page menu-item-5054\"><a href=\"https:\/\/gymnasium-nordenham.de\/en\/kontakt\" class=\"elementor-item\">Kontakt<\/a><\/li>\n<\/ul>\t\t\t<\/nav>\n\t\t\t\t\t\t<nav class=\"elementor-nav-menu--dropdown elementor-nav-menu__container\" aria-hidden=\"true\">\n\t\t\t\t<ul id=\"menu-2-29b69af\" class=\"elementor-nav-menu sm-vertical\"><li class=\"menu-item menu-item-type-post_type menu-item-object-page menu-item-5094\"><a href=\"https:\/\/gymnasium-nordenham.de\/en\/formulare-und-downloads\" class=\"elementor-item\" tabindex=\"-1\">Formulare und Downloads<\/a><\/li>\n<li class=\"menu-item menu-item-type-custom menu-item-object-custom menu-item-3155\"><a href=\"https:\/\/account.sams-on.de\/authentication\/login?instance=gym-nordenham\" class=\"elementor-item\" tabindex=\"-1\">Mittagessen Online Bestellung<\/a><\/li>\n<li class=\"menu-item menu-item-type-custom menu-item-object-custom menu-item-3156\"><a href=\"https:\/\/webuntis.com\/\" class=\"elementor-item\" tabindex=\"-1\">Online Vertretungsplan<\/a><\/li>\n<li class=\"menu-item menu-item-type-post_type menu-item-object-page menu-item-5054\"><a href=\"https:\/\/gymnasium-nordenham.de\/en\/kontakt\" class=\"elementor-item\" tabindex=\"-1\">Kontakt<\/a><\/li>\n<\/ul>\t\t\t<\/nav>\n\t\t\t\t\t\t<\/div>\n\t\t\t\t<\/div>\n\t\t\t\t<div class=\"elementor-element elementor-element-4a9e18c elementor-nav-menu__align-start elementor-nav-menu--dropdown-tablet elementor-nav-menu__text-align-aside elementor-widget elementor-widget-nav-menu\" data-id=\"4a9e18c\" data-element_type=\"widget\" data-e-type=\"widget\" data-settings=\"{&quot;layout&quot;:&quot;vertical&quot;,&quot;submenu_icon&quot;:{&quot;value&quot;:&quot;&lt;i class=\\&quot;fas e-plus-icon\\&quot; aria-hidden=\\&quot;true\\&quot;&gt;&lt;\\\/i&gt;&quot;,&quot;library&quot;:&quot;&quot;}}\" data-widget_type=\"nav-menu.default\">\n\t\t\t\t<div class=\"elementor-widget-container\">\n\t\t\t\t\t\t\t\t<nav aria-label=\"Men\u00fc\" class=\"elementor-nav-menu--main elementor-nav-menu__container elementor-nav-menu--layout-vertical e--pointer-none\">\n\t\t\t\t<ul id=\"menu-1-4a9e18c\" class=\"elementor-nav-menu sm-vertical\"><li class=\"menu-item menu-item-type-post_type menu-item-object-page menu-item-5075\"><a href=\"https:\/\/gymnasium-nordenham.de\/en\/impressum-2\" class=\"elementor-item\">Impressum<\/a><\/li>\n<li class=\"menu-item menu-item-type-post_type menu-item-object-page menu-item-5074\"><a href=\"https:\/\/gymnasium-nordenham.de\/en\/disclaimer-2\" class=\"elementor-item\">Disclaimer<\/a><\/li>\n<li class=\"menu-item menu-item-type-post_type menu-item-object-page current_page_parent menu-item-5031\"><a href=\"https:\/\/gymnasium-nordenham.de\/en\/archiv\" class=\"elementor-item\">Archiv<\/a><\/li>\n<\/ul>\t\t\t<\/nav>\n\t\t\t\t\t\t<nav class=\"elementor-nav-menu--dropdown elementor-nav-menu__container\" aria-hidden=\"true\">\n\t\t\t\t<ul id=\"menu-2-4a9e18c\" class=\"elementor-nav-menu sm-vertical\"><li class=\"menu-item menu-item-type-post_type menu-item-object-page menu-item-5075\"><a href=\"https:\/\/gymnasium-nordenham.de\/en\/impressum-2\" class=\"elementor-item\" tabindex=\"-1\">Impressum<\/a><\/li>\n<li class=\"menu-item menu-item-type-post_type menu-item-object-page menu-item-5074\"><a href=\"https:\/\/gymnasium-nordenham.de\/en\/disclaimer-2\" class=\"elementor-item\" tabindex=\"-1\">Disclaimer<\/a><\/li>\n<li class=\"menu-item menu-item-type-post_type menu-item-object-page current_page_parent menu-item-5031\"><a href=\"https:\/\/gymnasium-nordenham.de\/en\/archiv\" class=\"elementor-item\" tabindex=\"-1\">Archiv<\/a><\/li>\n<\/ul>\t\t\t<\/nav>\n\t\t\t\t\t\t<\/div>\n\t\t\t\t<\/div>\n\t\t\t\t\t<\/div>\n\t\t<\/div>\n\t\t\t\t\t<\/div>\n\t\t<\/section>\n\t\t\t\t<section class=\"elementor-section elementor-top-section elementor-element elementor-element-e967896 elementor-section-boxed elementor-section-height-default elementor-section-height-default\" data-id=\"e967896\" data-element_type=\"section\" data-e-type=\"section\">\n\t\t\t\t\t\t<div class=\"elementor-container elementor-column-gap-default\">\n\t\t\t\t\t<div class=\"elementor-column elementor-col-100 elementor-top-column elementor-element elementor-element-ddf273d\" data-id=\"ddf273d\" data-element_type=\"column\" data-e-type=\"column\">\n\t\t\t<div class=\"elementor-widget-wrap\">\n\t\t\t\t\t\t\t<\/div>\n\t\t<\/div>\n\t\t\t\t\t<\/div>\n\t\t<\/section>\n\t\t\t\t<\/div>","protected":false},"excerpt":{"rendered":"<p>HTL M\u00f6dling aus \u00d6sterreich und Gymnasium Nordenham auf EU-Exkursion in Br\u00fcssel Vom 17. bis 22. Februar 2025 hatten die Sch\u00fclerinnen und Sch\u00fcler der 4B der Abteilung Elektrotechnik der HTL M\u00f6dling die Gelegenheit, gemeinsam mit einer Gruppe des Gymnasiums Nordenham aus &hellip; <a href=\"https:\/\/gymnasium-nordenham.de\/en\/mit-erasmus-zur-europaeischen-union\">Continue reading <span class=\"meta-nav\">&rarr;<\/span><\/a><\/p>","protected":false},"author":7,"featured_media":0,"comment_status":"open","ping_status":"open","sticky":false,"template":"elementor_header_footer","format":"standard","meta":{"_crdt_document":"","footnotes":""},"categories":[44],"tags":[],"class_list":["post-13120","post","type-post","status-publish","format-standard","hentry","category-schul-news"],"yoast_head":"<!-- This site is optimized with the Yoast SEO plugin v27.5 - https:\/\/yoast.com\/product\/yoast-seo-wordpress\/ -->\n<title>Mit Erasmus+ zur Europ\u00e4ischen Union - Gymnasium Nordenham<\/title>\n<meta name=\"robots\" content=\"index, follow, max-snippet:-1, max-image-preview:large, max-video-preview:-1\" \/>\n<link rel=\"canonical\" href=\"https:\/\/gymnasium-nordenham.de\/en\/mit-erasmus-zur-europaeischen-union\/\" \/>\n<meta property=\"og:locale\" content=\"en_GB\" \/>\n<meta property=\"og:type\" content=\"article\" \/>\n<meta property=\"og:title\" content=\"Mit Erasmus+ zur Europ\u00e4ischen Union - Gymnasium Nordenham\" \/>\n<meta property=\"og:description\" content=\"HTL M\u00f6dling aus \u00d6sterreich und Gymnasium Nordenham auf EU-Exkursion in Br\u00fcssel Vom 17. bis 22. Februar 2025 hatten die Sch\u00fclerinnen und Sch\u00fcler der 4B der Abteilung Elektrotechnik der HTL M\u00f6dling die Gelegenheit, gemeinsam mit einer Gruppe des Gymnasiums Nordenham aus &hellip; Continue reading &rarr;\" \/>\n<meta property=\"og:url\" content=\"https:\/\/gymnasium-nordenham.de\/en\/mit-erasmus-zur-europaeischen-union\/\" \/>\n<meta property=\"og:site_name\" content=\"Gymnasium Nordenham\" \/>\n<meta property=\"article:published_time\" content=\"2025-02-26T13:26:21+00:00\" \/>\n<meta property=\"article:modified_time\" content=\"2025-02-26T13:32:52+00:00\" \/>\n<meta property=\"og:image\" content=\"https:\/\/gymnasium-nordenham.de\/wp-content\/uploads\/2020\/04\/spektrumani.gif\" \/>\n\t<meta property=\"og:image:width\" content=\"960\" \/>\n\t<meta property=\"og:image:height\" content=\"2\" \/>\n\t<meta property=\"og:image:type\" content=\"image\/gif\" \/>\n<meta name=\"author\" content=\"Carl Finke\" \/>\n<meta name=\"twitter:card\" content=\"summary_large_image\" \/>\n<meta name=\"twitter:label1\" content=\"Written by\" \/>\n\t<meta name=\"twitter:data1\" content=\"Carl Finke\" \/>\n\t<meta name=\"twitter:label2\" content=\"Estimated reading time\" \/>\n\t<meta name=\"twitter:data2\" content=\"3 minutes\" \/>\n<script type=\"application\/ld+json\" class=\"yoast-schema-graph\">{\"@context\":\"https:\\\/\\\/schema.org\",\"@graph\":[{\"@type\":\"Article\",\"@id\":\"https:\\\/\\\/gymnasium-nordenham.de\\\/mit-erasmus-zur-europaeischen-union#article\",\"isPartOf\":{\"@id\":\"https:\\\/\\\/gymnasium-nordenham.de\\\/mit-erasmus-zur-europaeischen-union\"},\"author\":{\"name\":\"Carl Finke\",\"@id\":\"https:\\\/\\\/gymnasium-nordenham.de\\\/#\\\/schema\\\/person\\\/7132b17584a9f0d15895a78048e204e3\"},\"headline\":\"Mit Erasmus+ zur Europ\u00e4ischen Union\",\"datePublished\":\"2025-02-26T13:26:21+00:00\",\"dateModified\":\"2025-02-26T13:32:52+00:00\",\"mainEntityOfPage\":{\"@id\":\"https:\\\/\\\/gymnasium-nordenham.de\\\/mit-erasmus-zur-europaeischen-union\"},\"wordCount\":309,\"commentCount\":0,\"image\":{\"@id\":\"https:\\\/\\\/gymnasium-nordenham.de\\\/mit-erasmus-zur-europaeischen-union#primaryimage\"},\"thumbnailUrl\":\"https:\\\/\\\/gymnasium-nordenham.de\\\/wp-content\\\/uploads\\\/2020\\\/04\\\/spektrumani.gif\",\"articleSection\":[\"Schul-News\"],\"inLanguage\":\"en-GB\",\"potentialAction\":[{\"@type\":\"CommentAction\",\"name\":\"Comment\",\"target\":[\"https:\\\/\\\/gymnasium-nordenham.de\\\/mit-erasmus-zur-europaeischen-union#respond\"]}]},{\"@type\":\"WebPage\",\"@id\":\"https:\\\/\\\/gymnasium-nordenham.de\\\/mit-erasmus-zur-europaeischen-union\",\"url\":\"https:\\\/\\\/gymnasium-nordenham.de\\\/mit-erasmus-zur-europaeischen-union\",\"name\":\"Mit Erasmus+ zur Europ\u00e4ischen Union - Gymnasium Nordenham\",\"isPartOf\":{\"@id\":\"https:\\\/\\\/gymnasium-nordenham.de\\\/#website\"},\"primaryImageOfPage\":{\"@id\":\"https:\\\/\\\/gymnasium-nordenham.de\\\/mit-erasmus-zur-europaeischen-union#primaryimage\"},\"image\":{\"@id\":\"https:\\\/\\\/gymnasium-nordenham.de\\\/mit-erasmus-zur-europaeischen-union#primaryimage\"},\"thumbnailUrl\":\"https:\\\/\\\/gymnasium-nordenham.de\\\/wp-content\\\/uploads\\\/2020\\\/04\\\/spektrumani.gif\",\"datePublished\":\"2025-02-26T13:26:21+00:00\",\"dateModified\":\"2025-02-26T13:32:52+00:00\",\"author\":{\"@id\":\"https:\\\/\\\/gymnasium-nordenham.de\\\/#\\\/schema\\\/person\\\/7132b17584a9f0d15895a78048e204e3\"},\"breadcrumb\":{\"@id\":\"https:\\\/\\\/gymnasium-nordenham.de\\\/mit-erasmus-zur-europaeischen-union#breadcrumb\"},\"inLanguage\":\"en-GB\",\"potentialAction\":[{\"@type\":\"ReadAction\",\"target\":[\"https:\\\/\\\/gymnasium-nordenham.de\\\/mit-erasmus-zur-europaeischen-union\"]}]},{\"@type\":\"ImageObject\",\"inLanguage\":\"en-GB\",\"@id\":\"https:\\\/\\\/gymnasium-nordenham.de\\\/mit-erasmus-zur-europaeischen-union#primaryimage\",\"url\":\"https:\\\/\\\/gymnasium-nordenham.de\\\/wp-content\\\/uploads\\\/2020\\\/04\\\/spektrumani.gif\",\"contentUrl\":\"https:\\\/\\\/gymnasium-nordenham.de\\\/wp-content\\\/uploads\\\/2020\\\/04\\\/spektrumani.gif\"},{\"@type\":\"BreadcrumbList\",\"@id\":\"https:\\\/\\\/gymnasium-nordenham.de\\\/mit-erasmus-zur-europaeischen-union#breadcrumb\",\"itemListElement\":[{\"@type\":\"ListItem\",\"position\":1,\"name\":\"Startseite\",\"item\":\"https:\\\/\\\/gymnasium-nordenham.de\\\/\"},{\"@type\":\"ListItem\",\"position\":2,\"name\":\"Mit Erasmus+ zur Europ\u00e4ischen Union\"}]},{\"@type\":\"WebSite\",\"@id\":\"https:\\\/\\\/gymnasium-nordenham.de\\\/#website\",\"url\":\"https:\\\/\\\/gymnasium-nordenham.de\\\/\",\"name\":\"Gymnasium Nordenham\",\"description\":\"Miteinander, voneinander und f\u00fcreinander lernen\",\"potentialAction\":[{\"@type\":\"SearchAction\",\"target\":{\"@type\":\"EntryPoint\",\"urlTemplate\":\"https:\\\/\\\/gymnasium-nordenham.de\\\/?s={search_term_string}\"},\"query-input\":{\"@type\":\"PropertyValueSpecification\",\"valueRequired\":true,\"valueName\":\"search_term_string\"}}],\"inLanguage\":\"en-GB\"},{\"@type\":\"Person\",\"@id\":\"https:\\\/\\\/gymnasium-nordenham.de\\\/#\\\/schema\\\/person\\\/7132b17584a9f0d15895a78048e204e3\",\"name\":\"Carl Finke\",\"image\":{\"@type\":\"ImageObject\",\"inLanguage\":\"en-GB\",\"@id\":\"https:\\\/\\\/secure.gravatar.com\\\/avatar\\\/5d53853c1286d74d72e6f975fcb8c35a20d949f4e3152bdb3b6f88c04b3c1731?s=96&d=mm&r=g\",\"url\":\"https:\\\/\\\/secure.gravatar.com\\\/avatar\\\/5d53853c1286d74d72e6f975fcb8c35a20d949f4e3152bdb3b6f88c04b3c1731?s=96&d=mm&r=g\",\"contentUrl\":\"https:\\\/\\\/secure.gravatar.com\\\/avatar\\\/5d53853c1286d74d72e6f975fcb8c35a20d949f4e3152bdb3b6f88c04b3c1731?s=96&d=mm&r=g\",\"caption\":\"Carl Finke\"},\"url\":\"https:\\\/\\\/gymnasium-nordenham.de\\\/en\\\/author\\\/redc\"}]}<\/script>\n<!-- \/ Yoast SEO plugin. -->","yoast_head_json":{"title":"Mit Erasmus+ zur Europ\u00e4ischen Union - Gymnasium Nordenham","robots":{"index":"index","follow":"follow","max-snippet":"max-snippet:-1","max-image-preview":"max-image-preview:large","max-video-preview":"max-video-preview:-1"},"canonical":"https:\/\/gymnasium-nordenham.de\/en\/mit-erasmus-zur-europaeischen-union\/","og_locale":"en_GB","og_type":"article","og_title":"Mit Erasmus+ zur Europ\u00e4ischen Union - Gymnasium Nordenham","og_description":"HTL M\u00f6dling aus \u00d6sterreich und Gymnasium Nordenham auf EU-Exkursion in Br\u00fcssel Vom 17. bis 22. Februar 2025 hatten die Sch\u00fclerinnen und Sch\u00fcler der 4B der Abteilung Elektrotechnik der HTL M\u00f6dling die Gelegenheit, gemeinsam mit einer Gruppe des Gymnasiums Nordenham aus &hellip; Continue reading &rarr;","og_url":"https:\/\/gymnasium-nordenham.de\/en\/mit-erasmus-zur-europaeischen-union\/","og_site_name":"Gymnasium Nordenham","article_published_time":"2025-02-26T13:26:21+00:00","article_modified_time":"2025-02-26T13:32:52+00:00","og_image":[{"width":960,"height":2,"url":"https:\/\/gymnasium-nordenham.de\/wp-content\/uploads\/2020\/04\/spektrumani.gif","type":"image\/gif"}],"author":"Carl Finke","twitter_card":"summary_large_image","twitter_misc":{"Written by":"Carl Finke","Estimated reading time":"3 minutes"},"schema":{"@context":"https:\/\/schema.org","@graph":[{"@type":"Article","@id":"https:\/\/gymnasium-nordenham.de\/mit-erasmus-zur-europaeischen-union#article","isPartOf":{"@id":"https:\/\/gymnasium-nordenham.de\/mit-erasmus-zur-europaeischen-union"},"author":{"name":"Carl Finke","@id":"https:\/\/gymnasium-nordenham.de\/#\/schema\/person\/7132b17584a9f0d15895a78048e204e3"},"headline":"Mit Erasmus+ zur Europ\u00e4ischen Union","datePublished":"2025-02-26T13:26:21+00:00","dateModified":"2025-02-26T13:32:52+00:00","mainEntityOfPage":{"@id":"https:\/\/gymnasium-nordenham.de\/mit-erasmus-zur-europaeischen-union"},"wordCount":309,"commentCount":0,"image":{"@id":"https:\/\/gymnasium-nordenham.de\/mit-erasmus-zur-europaeischen-union#primaryimage"},"thumbnailUrl":"https:\/\/gymnasium-nordenham.de\/wp-content\/uploads\/2020\/04\/spektrumani.gif","articleSection":["Schul-News"],"inLanguage":"en-GB","potentialAction":[{"@type":"CommentAction","name":"Comment","target":["https:\/\/gymnasium-nordenham.de\/mit-erasmus-zur-europaeischen-union#respond"]}]},{"@type":"WebPage","@id":"https:\/\/gymnasium-nordenham.de\/mit-erasmus-zur-europaeischen-union","url":"https:\/\/gymnasium-nordenham.de\/mit-erasmus-zur-europaeischen-union","name":"Mit Erasmus+ zur Europ\u00e4ischen Union - Gymnasium Nordenham","isPartOf":{"@id":"https:\/\/gymnasium-nordenham.de\/#website"},"primaryImageOfPage":{"@id":"https:\/\/gymnasium-nordenham.de\/mit-erasmus-zur-europaeischen-union#primaryimage"},"image":{"@id":"https:\/\/gymnasium-nordenham.de\/mit-erasmus-zur-europaeischen-union#primaryimage"},"thumbnailUrl":"https:\/\/gymnasium-nordenham.de\/wp-content\/uploads\/2020\/04\/spektrumani.gif","datePublished":"2025-02-26T13:26:21+00:00","dateModified":"2025-02-26T13:32:52+00:00","author":{"@id":"https:\/\/gymnasium-nordenham.de\/#\/schema\/person\/7132b17584a9f0d15895a78048e204e3"},"breadcrumb":{"@id":"https:\/\/gymnasium-nordenham.de\/mit-erasmus-zur-europaeischen-union#breadcrumb"},"inLanguage":"en-GB","potentialAction":[{"@type":"ReadAction","target":["https:\/\/gymnasium-nordenham.de\/mit-erasmus-zur-europaeischen-union"]}]},{"@type":"ImageObject","inLanguage":"en-GB","@id":"https:\/\/gymnasium-nordenham.de\/mit-erasmus-zur-europaeischen-union#primaryimage","url":"https:\/\/gymnasium-nordenham.de\/wp-content\/uploads\/2020\/04\/spektrumani.gif","contentUrl":"https:\/\/gymnasium-nordenham.de\/wp-content\/uploads\/2020\/04\/spektrumani.gif"},{"@type":"BreadcrumbList","@id":"https:\/\/gymnasium-nordenham.de\/mit-erasmus-zur-europaeischen-union#breadcrumb","itemListElement":[{"@type":"ListItem","position":1,"name":"Startseite","item":"https:\/\/gymnasium-nordenham.de\/"},{"@type":"ListItem","position":2,"name":"Mit Erasmus+ zur Europ\u00e4ischen Union"}]},{"@type":"WebSite","@id":"https:\/\/gymnasium-nordenham.de\/#website","url":"https:\/\/gymnasium-nordenham.de\/","name":"Gymnasium Nordenham","description":"Miteinander, voneinander und f\u00fcreinander lernen","potentialAction":[{"@type":"SearchAction","target":{"@type":"EntryPoint","urlTemplate":"https:\/\/gymnasium-nordenham.de\/?s={search_term_string}"},"query-input":{"@type":"PropertyValueSpecification","valueRequired":true,"valueName":"search_term_string"}}],"inLanguage":"en-GB"},{"@type":"Person","@id":"https:\/\/gymnasium-nordenham.de\/#\/schema\/person\/7132b17584a9f0d15895a78048e204e3","name":"Carl Finke","image":{"@type":"ImageObject","inLanguage":"en-GB","@id":"https:\/\/secure.gravatar.com\/avatar\/5d53853c1286d74d72e6f975fcb8c35a20d949f4e3152bdb3b6f88c04b3c1731?s=96&d=mm&r=g","url":"https:\/\/secure.gravatar.com\/avatar\/5d53853c1286d74d72e6f975fcb8c35a20d949f4e3152bdb3b6f88c04b3c1731?s=96&d=mm&r=g","contentUrl":"https:\/\/secure.gravatar.com\/avatar\/5d53853c1286d74d72e6f975fcb8c35a20d949f4e3152bdb3b6f88c04b3c1731?s=96&d=mm&r=g","caption":"Carl Finke"},"url":"https:\/\/gymnasium-nordenham.de\/en\/author\/redc"}]}},"_links":{"self":[{"href":"https:\/\/gymnasium-nordenham.de\/en\/wp-json\/wp\/v2\/posts\/13120","targetHints":{"allow":["GET"]}}],"collection":[{"href":"https:\/\/gymnasium-nordenham.de\/en\/wp-json\/wp\/v2\/posts"}],"about":[{"href":"https:\/\/gymnasium-nordenham.de\/en\/wp-json\/wp\/v2\/types\/post"}],"author":[{"embeddable":true,"href":"https:\/\/gymnasium-nordenham.de\/en\/wp-json\/wp\/v2\/users\/7"}],"replies":[{"embeddable":true,"href":"https:\/\/gymnasium-nordenham.de\/en\/wp-json\/wp\/v2\/comments?post=13120"}],"version-history":[{"count":5,"href":"https:\/\/gymnasium-nordenham.de\/en\/wp-json\/wp\/v2\/posts\/13120\/revisions"}],"predecessor-version":[{"id":13130,"href":"https:\/\/gymnasium-nordenham.de\/en\/wp-json\/wp\/v2\/posts\/13120\/revisions\/13130"}],"wp:attachment":[{"href":"https:\/\/gymnasium-nordenham.de\/en\/wp-json\/wp\/v2\/media?parent=13120"}],"wp:term":[{"taxonomy":"category","embeddable":true,"href":"https:\/\/gymnasium-nordenham.de\/en\/wp-json\/wp\/v2\/categories?post=13120"},{"taxonomy":"post_tag","embeddable":true,"href":"https:\/\/gymnasium-nordenham.de\/en\/wp-json\/wp\/v2\/tags?post=13120"}],"curies":[{"name":"wp","href":"https:\/\/api.w.org\/{rel}","templated":true}]}}