{"id":13088,"date":"2025-02-12T15:06:07","date_gmt":"2025-02-12T14:06:07","guid":{"rendered":"https:\/\/gymnasium-nordenham.de\/?p=13088"},"modified":"2025-02-12T15:10:09","modified_gmt":"2025-02-12T14:10:09","slug":"erasmus-austausch-nach-spanien","status":"publish","type":"post","link":"https:\/\/gymnasium-nordenham.de\/en\/erasmus-austausch-nach-spanien","title":{"rendered":"Erasmus+ Austausch nach Spanien"},"content":{"rendered":"<div data-elementor-type=\"wp-post\" data-elementor-id=\"13088\" class=\"elementor elementor-13088\" data-elementor-post-type=\"post\">\n\t\t\t\t\t\t<section class=\"elementor-section elementor-top-section elementor-element elementor-element-118ff95 elementor-section-full_width elementor-section-height-default elementor-section-height-default\" data-id=\"118ff95\" data-element_type=\"section\" data-e-type=\"section\">\n\t\t\t\t\t\t<div class=\"elementor-container elementor-column-gap-default\">\n\t\t\t\t\t<div class=\"elementor-column elementor-col-66 elementor-top-column elementor-element elementor-element-34dc24d\" data-id=\"34dc24d\" data-element_type=\"column\" data-e-type=\"column\">\n\t\t\t<div class=\"elementor-widget-wrap elementor-element-populated\">\n\t\t\t\t\t\t<div class=\"elementor-element elementor-element-3495d02 elementor-widget elementor-widget-heading\" data-id=\"3495d02\" data-element_type=\"widget\" data-e-type=\"widget\" data-widget_type=\"heading.default\">\n\t\t\t\t<div class=\"elementor-widget-container\">\n\t\t\t\t\t<h2 class=\"elementor-heading-title elementor-size-default\">Eine aufregende Woche in Madrid<\/h2>\t\t\t\t<\/div>\n\t\t\t\t<\/div>\n\t\t\t\t<div class=\"elementor-element elementor-element-ecde086 elementor-widget elementor-widget-image\" data-id=\"ecde086\" data-element_type=\"widget\" data-e-type=\"widget\" data-widget_type=\"image.default\">\n\t\t\t\t<div class=\"elementor-widget-container\">\n\t\t\t\t\t\t\t\t\t\t\t\t\t\t\t<img decoding=\"async\" width=\"640\" height=\"1\" src=\"https:\/\/gymnasium-nordenham.de\/wp-content\/uploads\/2020\/04\/spektrumani.gif\" class=\"attachment-large size-large wp-image-1204\" alt=\"\" \/>\t\t\t\t\t\t\t\t\t\t\t\t\t\t\t<\/div>\n\t\t\t\t<\/div>\n\t\t\t\t<div class=\"elementor-element elementor-element-87586c4 elementor-widget elementor-widget-image\" data-id=\"87586c4\" data-element_type=\"widget\" data-e-type=\"widget\" data-widget_type=\"image.default\">\n\t\t\t\t<div class=\"elementor-widget-container\">\n\t\t\t\t\t\t\t\t\t\t\t\t\t\t\t<img decoding=\"async\" src=\"https:\/\/gymnasium-nordenham.de\/wp-content\/uploads\/elementor\/thumbs\/IMG-20250212-WA0003-r1eeogx5bbqgv1l275kfthx498nk9gv7q6hy9q8rro.jpg\" title=\"IMG-20250212-WA0003\" alt=\"IMG-20250212-WA0003\" loading=\"lazy\" \/>\t\t\t\t\t\t\t\t\t\t\t\t\t\t\t<\/div>\n\t\t\t\t<\/div>\n\t\t\t\t<div class=\"elementor-element elementor-element-8b49f50 elementor-widget elementor-widget-text-editor\" data-id=\"8b49f50\" data-element_type=\"widget\" data-e-type=\"widget\" data-widget_type=\"text-editor.default\">\n\t\t\t\t<div class=\"elementor-widget-container\">\n\t\t\t\t\t\t\t\t\t<p style=\"text-align: justify;\"><span style=\"font-family: georgia, palatino, serif; font-size: 12pt;\">Vom 5. bis zum 12. Februar 2025 fand ein spannender Erasmusaustausch mit einigen Interessierten aus den Klassen 9a und 9b nach Madrid, Spanien, statt. Die Sch\u00fcler:innen hatten die M\u00f6glichkeit, mit dem Flugzeug in die pulsierende Hauptstadt zu reisen und dort wertvolle Erfahrungen zu sammeln.<\/span><span style=\"font-family: georgia, palatino, serif; font-size: 12pt;\">Ziel des Austauschs war es, die kulturellen Unterschiede zwischen Deutschland und Spanien kennenzulernen und die Sprachkenntnisse der Teilnehmer zu verbessern. Durch verschiedene Aktivit\u00e4ten und Programme konnten die Sch\u00fcler nicht nur die spanische Kultur hautnah erleben, sondern auch neue Kontakte kn\u00fcpfen und Freundschaften schlie\u00dfen. Dies f\u00f6rdert nicht nur das Verst\u00e4ndnis zwischen den beiden L\u00e4ndern, sondern st\u00e4rkt auch die interkulturelle Kompetenz der Jugendlichen.<\/span><br \/><span style=\"font-family: georgia, palatino, serif; font-size: 12pt;\">Die Woche in Madrid war gef\u00fcllt mit spannenden Erlebnissen, die den Sch\u00fclern halfen, ihre Sprachf\u00e4higkeiten zu erweitern und ein tieferes Verst\u00e4ndnis f\u00fcr die spanische Lebensweise zu entwickeln. Der Austausch war somit eine wertvolle Gelegenheit, die Verbindung zwischen Deutschland und Spanien zu festigen und die pers\u00f6nliche Entwicklung der Teilnehmer zu unterst\u00fctzen.<\/span><br \/><span style=\"font-family: georgia, palatino, serif; font-size: 12pt;\">Insgesamt war der Erasmusaustausch ein voller Erfolg und wird sicherlich einen bleibenden Eindruck bei allen Beteiligten hinterlassen.<\/span><\/p>\t\t\t\t\t\t\t\t<\/div>\n\t\t\t\t<\/div>\n\t\t\t\t\t<\/div>\n\t\t<\/div>\n\t\t\t\t<div class=\"elementor-column elementor-col-33 elementor-top-column elementor-element elementor-element-a2de6f4\" data-id=\"a2de6f4\" data-element_type=\"column\" data-e-type=\"column\">\n\t\t\t<div class=\"elementor-widget-wrap elementor-element-populated\">\n\t\t\t\t\t\t<div class=\"elementor-element elementor-element-8fba690 elementor-widget elementor-widget-heading\" data-id=\"8fba690\" data-element_type=\"widget\" data-e-type=\"widget\" data-widget_type=\"heading.default\">\n\t\t\t\t<div class=\"elementor-widget-container\">\n\t\t\t\t\t<h2 class=\"elementor-heading-title elementor-size-default\">Wichtiges im \u00dcberblick<\/h2>\t\t\t\t<\/div>\n\t\t\t\t<\/div>\n\t\t\t\t<div class=\"elementor-element elementor-element-29b69af elementor-nav-menu__align-start elementor-nav-menu--dropdown-tablet elementor-nav-menu__text-align-aside elementor-widget elementor-widget-nav-menu\" data-id=\"29b69af\" data-element_type=\"widget\" data-e-type=\"widget\" data-settings=\"{&quot;layout&quot;:&quot;vertical&quot;,&quot;submenu_icon&quot;:{&quot;value&quot;:&quot;&lt;i class=\\&quot;fas e-plus-icon\\&quot; aria-hidden=\\&quot;true\\&quot;&gt;&lt;\\\/i&gt;&quot;,&quot;library&quot;:&quot;&quot;}}\" data-widget_type=\"nav-menu.default\">\n\t\t\t\t<div class=\"elementor-widget-container\">\n\t\t\t\t\t\t\t\t<nav aria-label=\"Men\u00fc\" class=\"elementor-nav-menu--main elementor-nav-menu__container elementor-nav-menu--layout-vertical e--pointer-none\">\n\t\t\t\t<ul id=\"menu-1-29b69af\" class=\"elementor-nav-menu sm-vertical\"><li class=\"menu-item menu-item-type-post_type menu-item-object-page menu-item-5094\"><a href=\"https:\/\/gymnasium-nordenham.de\/en\/formulare-und-downloads\" class=\"elementor-item\">Formulare und Downloads<\/a><\/li>\n<li class=\"menu-item menu-item-type-custom menu-item-object-custom menu-item-3155\"><a href=\"https:\/\/account.sams-on.de\/authentication\/login?instance=gym-nordenham\" class=\"elementor-item\">Mittagessen Online Bestellung<\/a><\/li>\n<li class=\"menu-item menu-item-type-custom menu-item-object-custom menu-item-3156\"><a href=\"https:\/\/webuntis.com\/\" class=\"elementor-item\">Online Vertretungsplan<\/a><\/li>\n<li class=\"menu-item menu-item-type-post_type menu-item-object-page menu-item-5054\"><a href=\"https:\/\/gymnasium-nordenham.de\/en\/kontakt\" class=\"elementor-item\">Kontakt<\/a><\/li>\n<\/ul>\t\t\t<\/nav>\n\t\t\t\t\t\t<nav class=\"elementor-nav-menu--dropdown elementor-nav-menu__container\" aria-hidden=\"true\">\n\t\t\t\t<ul id=\"menu-2-29b69af\" class=\"elementor-nav-menu sm-vertical\"><li class=\"menu-item menu-item-type-post_type menu-item-object-page menu-item-5094\"><a href=\"https:\/\/gymnasium-nordenham.de\/en\/formulare-und-downloads\" class=\"elementor-item\" tabindex=\"-1\">Formulare und Downloads<\/a><\/li>\n<li class=\"menu-item menu-item-type-custom menu-item-object-custom menu-item-3155\"><a href=\"https:\/\/account.sams-on.de\/authentication\/login?instance=gym-nordenham\" class=\"elementor-item\" tabindex=\"-1\">Mittagessen Online Bestellung<\/a><\/li>\n<li class=\"menu-item menu-item-type-custom menu-item-object-custom menu-item-3156\"><a href=\"https:\/\/webuntis.com\/\" class=\"elementor-item\" tabindex=\"-1\">Online Vertretungsplan<\/a><\/li>\n<li class=\"menu-item menu-item-type-post_type menu-item-object-page menu-item-5054\"><a href=\"https:\/\/gymnasium-nordenham.de\/en\/kontakt\" class=\"elementor-item\" tabindex=\"-1\">Kontakt<\/a><\/li>\n<\/ul>\t\t\t<\/nav>\n\t\t\t\t\t\t<\/div>\n\t\t\t\t<\/div>\n\t\t\t\t<div class=\"elementor-element elementor-element-4a9e18c elementor-nav-menu__align-start elementor-nav-menu--dropdown-tablet elementor-nav-menu__text-align-aside elementor-widget elementor-widget-nav-menu\" data-id=\"4a9e18c\" data-element_type=\"widget\" data-e-type=\"widget\" data-settings=\"{&quot;layout&quot;:&quot;vertical&quot;,&quot;submenu_icon&quot;:{&quot;value&quot;:&quot;&lt;i class=\\&quot;fas e-plus-icon\\&quot; aria-hidden=\\&quot;true\\&quot;&gt;&lt;\\\/i&gt;&quot;,&quot;library&quot;:&quot;&quot;}}\" data-widget_type=\"nav-menu.default\">\n\t\t\t\t<div class=\"elementor-widget-container\">\n\t\t\t\t\t\t\t\t<nav aria-label=\"Men\u00fc\" class=\"elementor-nav-menu--main elementor-nav-menu__container elementor-nav-menu--layout-vertical e--pointer-none\">\n\t\t\t\t<ul id=\"menu-1-4a9e18c\" class=\"elementor-nav-menu sm-vertical\"><li class=\"menu-item menu-item-type-post_type menu-item-object-page menu-item-5075\"><a href=\"https:\/\/gymnasium-nordenham.de\/en\/impressum-2\" class=\"elementor-item\">Impressum<\/a><\/li>\n<li class=\"menu-item menu-item-type-post_type menu-item-object-page menu-item-5074\"><a href=\"https:\/\/gymnasium-nordenham.de\/en\/disclaimer-2\" class=\"elementor-item\">Disclaimer<\/a><\/li>\n<li class=\"menu-item menu-item-type-post_type menu-item-object-page current_page_parent menu-item-5031\"><a href=\"https:\/\/gymnasium-nordenham.de\/en\/archiv\" class=\"elementor-item\">Archiv<\/a><\/li>\n<\/ul>\t\t\t<\/nav>\n\t\t\t\t\t\t<nav class=\"elementor-nav-menu--dropdown elementor-nav-menu__container\" aria-hidden=\"true\">\n\t\t\t\t<ul id=\"menu-2-4a9e18c\" class=\"elementor-nav-menu sm-vertical\"><li class=\"menu-item menu-item-type-post_type menu-item-object-page menu-item-5075\"><a href=\"https:\/\/gymnasium-nordenham.de\/en\/impressum-2\" class=\"elementor-item\" tabindex=\"-1\">Impressum<\/a><\/li>\n<li class=\"menu-item menu-item-type-post_type menu-item-object-page menu-item-5074\"><a href=\"https:\/\/gymnasium-nordenham.de\/en\/disclaimer-2\" class=\"elementor-item\" tabindex=\"-1\">Disclaimer<\/a><\/li>\n<li class=\"menu-item menu-item-type-post_type menu-item-object-page current_page_parent menu-item-5031\"><a href=\"https:\/\/gymnasium-nordenham.de\/en\/archiv\" class=\"elementor-item\" tabindex=\"-1\">Archiv<\/a><\/li>\n<\/ul>\t\t\t<\/nav>\n\t\t\t\t\t\t<\/div>\n\t\t\t\t<\/div>\n\t\t\t\t\t<\/div>\n\t\t<\/div>\n\t\t\t\t\t<\/div>\n\t\t<\/section>\n\t\t\t\t<section class=\"elementor-section elementor-top-section elementor-element elementor-element-e967896 elementor-section-boxed elementor-section-height-default elementor-section-height-default\" data-id=\"e967896\" data-element_type=\"section\" data-e-type=\"section\">\n\t\t\t\t\t\t<div class=\"elementor-container elementor-column-gap-default\">\n\t\t\t\t\t<div class=\"elementor-column elementor-col-100 elementor-top-column elementor-element elementor-element-ddf273d\" data-id=\"ddf273d\" data-element_type=\"column\" data-e-type=\"column\">\n\t\t\t<div class=\"elementor-widget-wrap\">\n\t\t\t\t\t\t\t<\/div>\n\t\t<\/div>\n\t\t\t\t\t<\/div>\n\t\t<\/section>\n\t\t\t\t<\/div>","protected":false},"excerpt":{"rendered":"<p>Eine aufregende Woche in Madrid Vom 5. bis zum 12. Februar 2025 fand ein spannender Erasmusaustausch mit einigen Interessierten aus den Klassen 9a und 9b nach Madrid, Spanien, statt. Die Sch\u00fcler:innen hatten die M\u00f6glichkeit, mit dem Flugzeug in die pulsierende &hellip; <a href=\"https:\/\/gymnasium-nordenham.de\/en\/erasmus-austausch-nach-spanien\">Continue reading <span class=\"meta-nav\">&rarr;<\/span><\/a><\/p>","protected":false},"author":10,"featured_media":0,"comment_status":"open","ping_status":"open","sticky":false,"template":"elementor_header_footer","format":"standard","meta":{"_crdt_document":"","footnotes":""},"categories":[44],"tags":[],"class_list":["post-13088","post","type-post","status-publish","format-standard","hentry","category-schul-news"],"yoast_head":"<!-- This site is optimized with the Yoast SEO plugin v27.5 - https:\/\/yoast.com\/product\/yoast-seo-wordpress\/ -->\n<title>Erasmus+ Austausch nach Spanien - Gymnasium Nordenham<\/title>\n<meta name=\"robots\" content=\"index, follow, max-snippet:-1, max-image-preview:large, max-video-preview:-1\" \/>\n<link rel=\"canonical\" href=\"https:\/\/gymnasium-nordenham.de\/en\/erasmus-austausch-nach-spanien\/\" \/>\n<meta property=\"og:locale\" content=\"en_GB\" \/>\n<meta property=\"og:type\" content=\"article\" \/>\n<meta property=\"og:title\" content=\"Erasmus+ Austausch nach Spanien - Gymnasium Nordenham\" \/>\n<meta property=\"og:description\" content=\"Eine aufregende Woche in Madrid Vom 5. bis zum 12. Februar 2025 fand ein spannender Erasmusaustausch mit einigen Interessierten aus den Klassen 9a und 9b nach Madrid, Spanien, statt. Die Sch\u00fcler:innen hatten die M\u00f6glichkeit, mit dem Flugzeug in die pulsierende &hellip; Continue reading &rarr;\" \/>\n<meta property=\"og:url\" content=\"https:\/\/gymnasium-nordenham.de\/en\/erasmus-austausch-nach-spanien\/\" \/>\n<meta property=\"og:site_name\" content=\"Gymnasium Nordenham\" \/>\n<meta property=\"article:published_time\" content=\"2025-02-12T14:06:07+00:00\" \/>\n<meta property=\"article:modified_time\" content=\"2025-02-12T14:10:09+00:00\" \/>\n<meta property=\"og:image\" content=\"https:\/\/gymnasium-nordenham.de\/wp-content\/uploads\/2020\/04\/spektrumani.gif\" \/>\n\t<meta property=\"og:image:width\" content=\"960\" \/>\n\t<meta property=\"og:image:height\" content=\"2\" \/>\n\t<meta property=\"og:image:type\" content=\"image\/gif\" \/>\n<meta name=\"author\" content=\"RedVerk\" \/>\n<meta name=\"twitter:card\" content=\"summary_large_image\" \/>\n<meta name=\"twitter:label1\" content=\"Written by\" \/>\n\t<meta name=\"twitter:data1\" content=\"RedVerk\" \/>\n\t<meta name=\"twitter:label2\" content=\"Estimated reading time\" \/>\n\t<meta name=\"twitter:data2\" content=\"2 minutes\" \/>\n<script type=\"application\/ld+json\" class=\"yoast-schema-graph\">{\"@context\":\"https:\\\/\\\/schema.org\",\"@graph\":[{\"@type\":\"Article\",\"@id\":\"https:\\\/\\\/gymnasium-nordenham.de\\\/erasmus-austausch-nach-spanien#article\",\"isPartOf\":{\"@id\":\"https:\\\/\\\/gymnasium-nordenham.de\\\/erasmus-austausch-nach-spanien\"},\"author\":{\"name\":\"RedVerk\",\"@id\":\"https:\\\/\\\/gymnasium-nordenham.de\\\/#\\\/schema\\\/person\\\/35d1d6bc32cd4a17f6f6f4cad7aab864\"},\"headline\":\"Erasmus+ Austausch nach Spanien\",\"datePublished\":\"2025-02-12T14:06:07+00:00\",\"dateModified\":\"2025-02-12T14:10:09+00:00\",\"mainEntityOfPage\":{\"@id\":\"https:\\\/\\\/gymnasium-nordenham.de\\\/erasmus-austausch-nach-spanien\"},\"wordCount\":199,\"commentCount\":0,\"image\":{\"@id\":\"https:\\\/\\\/gymnasium-nordenham.de\\\/erasmus-austausch-nach-spanien#primaryimage\"},\"thumbnailUrl\":\"https:\\\/\\\/gymnasium-nordenham.de\\\/wp-content\\\/uploads\\\/2020\\\/04\\\/spektrumani.gif\",\"articleSection\":[\"Schul-News\"],\"inLanguage\":\"en-GB\",\"potentialAction\":[{\"@type\":\"CommentAction\",\"name\":\"Comment\",\"target\":[\"https:\\\/\\\/gymnasium-nordenham.de\\\/erasmus-austausch-nach-spanien#respond\"]}]},{\"@type\":\"WebPage\",\"@id\":\"https:\\\/\\\/gymnasium-nordenham.de\\\/erasmus-austausch-nach-spanien\",\"url\":\"https:\\\/\\\/gymnasium-nordenham.de\\\/erasmus-austausch-nach-spanien\",\"name\":\"Erasmus+ Austausch nach Spanien - Gymnasium Nordenham\",\"isPartOf\":{\"@id\":\"https:\\\/\\\/gymnasium-nordenham.de\\\/#website\"},\"primaryImageOfPage\":{\"@id\":\"https:\\\/\\\/gymnasium-nordenham.de\\\/erasmus-austausch-nach-spanien#primaryimage\"},\"image\":{\"@id\":\"https:\\\/\\\/gymnasium-nordenham.de\\\/erasmus-austausch-nach-spanien#primaryimage\"},\"thumbnailUrl\":\"https:\\\/\\\/gymnasium-nordenham.de\\\/wp-content\\\/uploads\\\/2020\\\/04\\\/spektrumani.gif\",\"datePublished\":\"2025-02-12T14:06:07+00:00\",\"dateModified\":\"2025-02-12T14:10:09+00:00\",\"author\":{\"@id\":\"https:\\\/\\\/gymnasium-nordenham.de\\\/#\\\/schema\\\/person\\\/35d1d6bc32cd4a17f6f6f4cad7aab864\"},\"breadcrumb\":{\"@id\":\"https:\\\/\\\/gymnasium-nordenham.de\\\/erasmus-austausch-nach-spanien#breadcrumb\"},\"inLanguage\":\"en-GB\",\"potentialAction\":[{\"@type\":\"ReadAction\",\"target\":[\"https:\\\/\\\/gymnasium-nordenham.de\\\/erasmus-austausch-nach-spanien\"]}]},{\"@type\":\"ImageObject\",\"inLanguage\":\"en-GB\",\"@id\":\"https:\\\/\\\/gymnasium-nordenham.de\\\/erasmus-austausch-nach-spanien#primaryimage\",\"url\":\"https:\\\/\\\/gymnasium-nordenham.de\\\/wp-content\\\/uploads\\\/2020\\\/04\\\/spektrumani.gif\",\"contentUrl\":\"https:\\\/\\\/gymnasium-nordenham.de\\\/wp-content\\\/uploads\\\/2020\\\/04\\\/spektrumani.gif\"},{\"@type\":\"BreadcrumbList\",\"@id\":\"https:\\\/\\\/gymnasium-nordenham.de\\\/erasmus-austausch-nach-spanien#breadcrumb\",\"itemListElement\":[{\"@type\":\"ListItem\",\"position\":1,\"name\":\"Startseite\",\"item\":\"https:\\\/\\\/gymnasium-nordenham.de\\\/\"},{\"@type\":\"ListItem\",\"position\":2,\"name\":\"Erasmus+ Austausch nach Spanien\"}]},{\"@type\":\"WebSite\",\"@id\":\"https:\\\/\\\/gymnasium-nordenham.de\\\/#website\",\"url\":\"https:\\\/\\\/gymnasium-nordenham.de\\\/\",\"name\":\"Gymnasium Nordenham\",\"description\":\"Miteinander, voneinander und f\u00fcreinander lernen\",\"potentialAction\":[{\"@type\":\"SearchAction\",\"target\":{\"@type\":\"EntryPoint\",\"urlTemplate\":\"https:\\\/\\\/gymnasium-nordenham.de\\\/?s={search_term_string}\"},\"query-input\":{\"@type\":\"PropertyValueSpecification\",\"valueRequired\":true,\"valueName\":\"search_term_string\"}}],\"inLanguage\":\"en-GB\"},{\"@type\":\"Person\",\"@id\":\"https:\\\/\\\/gymnasium-nordenham.de\\\/#\\\/schema\\\/person\\\/35d1d6bc32cd4a17f6f6f4cad7aab864\",\"name\":\"RedVerk\",\"image\":{\"@type\":\"ImageObject\",\"inLanguage\":\"en-GB\",\"@id\":\"https:\\\/\\\/secure.gravatar.com\\\/avatar\\\/5e7ea2a8667bc425fd5a0375256725a4d24ee237b3d34afd535dd246a9fd928f?s=96&d=mm&r=g\",\"url\":\"https:\\\/\\\/secure.gravatar.com\\\/avatar\\\/5e7ea2a8667bc425fd5a0375256725a4d24ee237b3d34afd535dd246a9fd928f?s=96&d=mm&r=g\",\"contentUrl\":\"https:\\\/\\\/secure.gravatar.com\\\/avatar\\\/5e7ea2a8667bc425fd5a0375256725a4d24ee237b3d34afd535dd246a9fd928f?s=96&d=mm&r=g\",\"caption\":\"RedVerk\"},\"url\":\"https:\\\/\\\/gymnasium-nordenham.de\\\/en\\\/author\\\/redverk\"}]}<\/script>\n<!-- \/ Yoast SEO plugin. -->","yoast_head_json":{"title":"Erasmus+ Austausch nach Spanien - Gymnasium Nordenham","robots":{"index":"index","follow":"follow","max-snippet":"max-snippet:-1","max-image-preview":"max-image-preview:large","max-video-preview":"max-video-preview:-1"},"canonical":"https:\/\/gymnasium-nordenham.de\/en\/erasmus-austausch-nach-spanien\/","og_locale":"en_GB","og_type":"article","og_title":"Erasmus+ Austausch nach Spanien - Gymnasium Nordenham","og_description":"Eine aufregende Woche in Madrid Vom 5. bis zum 12. Februar 2025 fand ein spannender Erasmusaustausch mit einigen Interessierten aus den Klassen 9a und 9b nach Madrid, Spanien, statt. Die Sch\u00fcler:innen hatten die M\u00f6glichkeit, mit dem Flugzeug in die pulsierende &hellip; Continue reading &rarr;","og_url":"https:\/\/gymnasium-nordenham.de\/en\/erasmus-austausch-nach-spanien\/","og_site_name":"Gymnasium Nordenham","article_published_time":"2025-02-12T14:06:07+00:00","article_modified_time":"2025-02-12T14:10:09+00:00","og_image":[{"width":960,"height":2,"url":"https:\/\/gymnasium-nordenham.de\/wp-content\/uploads\/2020\/04\/spektrumani.gif","type":"image\/gif"}],"author":"RedVerk","twitter_card":"summary_large_image","twitter_misc":{"Written by":"RedVerk","Estimated reading time":"2 minutes"},"schema":{"@context":"https:\/\/schema.org","@graph":[{"@type":"Article","@id":"https:\/\/gymnasium-nordenham.de\/erasmus-austausch-nach-spanien#article","isPartOf":{"@id":"https:\/\/gymnasium-nordenham.de\/erasmus-austausch-nach-spanien"},"author":{"name":"RedVerk","@id":"https:\/\/gymnasium-nordenham.de\/#\/schema\/person\/35d1d6bc32cd4a17f6f6f4cad7aab864"},"headline":"Erasmus+ Austausch nach Spanien","datePublished":"2025-02-12T14:06:07+00:00","dateModified":"2025-02-12T14:10:09+00:00","mainEntityOfPage":{"@id":"https:\/\/gymnasium-nordenham.de\/erasmus-austausch-nach-spanien"},"wordCount":199,"commentCount":0,"image":{"@id":"https:\/\/gymnasium-nordenham.de\/erasmus-austausch-nach-spanien#primaryimage"},"thumbnailUrl":"https:\/\/gymnasium-nordenham.de\/wp-content\/uploads\/2020\/04\/spektrumani.gif","articleSection":["Schul-News"],"inLanguage":"en-GB","potentialAction":[{"@type":"CommentAction","name":"Comment","target":["https:\/\/gymnasium-nordenham.de\/erasmus-austausch-nach-spanien#respond"]}]},{"@type":"WebPage","@id":"https:\/\/gymnasium-nordenham.de\/erasmus-austausch-nach-spanien","url":"https:\/\/gymnasium-nordenham.de\/erasmus-austausch-nach-spanien","name":"Erasmus+ Austausch nach Spanien - Gymnasium Nordenham","isPartOf":{"@id":"https:\/\/gymnasium-nordenham.de\/#website"},"primaryImageOfPage":{"@id":"https:\/\/gymnasium-nordenham.de\/erasmus-austausch-nach-spanien#primaryimage"},"image":{"@id":"https:\/\/gymnasium-nordenham.de\/erasmus-austausch-nach-spanien#primaryimage"},"thumbnailUrl":"https:\/\/gymnasium-nordenham.de\/wp-content\/uploads\/2020\/04\/spektrumani.gif","datePublished":"2025-02-12T14:06:07+00:00","dateModified":"2025-02-12T14:10:09+00:00","author":{"@id":"https:\/\/gymnasium-nordenham.de\/#\/schema\/person\/35d1d6bc32cd4a17f6f6f4cad7aab864"},"breadcrumb":{"@id":"https:\/\/gymnasium-nordenham.de\/erasmus-austausch-nach-spanien#breadcrumb"},"inLanguage":"en-GB","potentialAction":[{"@type":"ReadAction","target":["https:\/\/gymnasium-nordenham.de\/erasmus-austausch-nach-spanien"]}]},{"@type":"ImageObject","inLanguage":"en-GB","@id":"https:\/\/gymnasium-nordenham.de\/erasmus-austausch-nach-spanien#primaryimage","url":"https:\/\/gymnasium-nordenham.de\/wp-content\/uploads\/2020\/04\/spektrumani.gif","contentUrl":"https:\/\/gymnasium-nordenham.de\/wp-content\/uploads\/2020\/04\/spektrumani.gif"},{"@type":"BreadcrumbList","@id":"https:\/\/gymnasium-nordenham.de\/erasmus-austausch-nach-spanien#breadcrumb","itemListElement":[{"@type":"ListItem","position":1,"name":"Startseite","item":"https:\/\/gymnasium-nordenham.de\/"},{"@type":"ListItem","position":2,"name":"Erasmus+ Austausch nach Spanien"}]},{"@type":"WebSite","@id":"https:\/\/gymnasium-nordenham.de\/#website","url":"https:\/\/gymnasium-nordenham.de\/","name":"Gymnasium Nordenham","description":"Miteinander, voneinander und f\u00fcreinander lernen","potentialAction":[{"@type":"SearchAction","target":{"@type":"EntryPoint","urlTemplate":"https:\/\/gymnasium-nordenham.de\/?s={search_term_string}"},"query-input":{"@type":"PropertyValueSpecification","valueRequired":true,"valueName":"search_term_string"}}],"inLanguage":"en-GB"},{"@type":"Person","@id":"https:\/\/gymnasium-nordenham.de\/#\/schema\/person\/35d1d6bc32cd4a17f6f6f4cad7aab864","name":"RedVerk","image":{"@type":"ImageObject","inLanguage":"en-GB","@id":"https:\/\/secure.gravatar.com\/avatar\/5e7ea2a8667bc425fd5a0375256725a4d24ee237b3d34afd535dd246a9fd928f?s=96&d=mm&r=g","url":"https:\/\/secure.gravatar.com\/avatar\/5e7ea2a8667bc425fd5a0375256725a4d24ee237b3d34afd535dd246a9fd928f?s=96&d=mm&r=g","contentUrl":"https:\/\/secure.gravatar.com\/avatar\/5e7ea2a8667bc425fd5a0375256725a4d24ee237b3d34afd535dd246a9fd928f?s=96&d=mm&r=g","caption":"RedVerk"},"url":"https:\/\/gymnasium-nordenham.de\/en\/author\/redverk"}]}},"_links":{"self":[{"href":"https:\/\/gymnasium-nordenham.de\/en\/wp-json\/wp\/v2\/posts\/13088","targetHints":{"allow":["GET"]}}],"collection":[{"href":"https:\/\/gymnasium-nordenham.de\/en\/wp-json\/wp\/v2\/posts"}],"about":[{"href":"https:\/\/gymnasium-nordenham.de\/en\/wp-json\/wp\/v2\/types\/post"}],"author":[{"embeddable":true,"href":"https:\/\/gymnasium-nordenham.de\/en\/wp-json\/wp\/v2\/users\/10"}],"replies":[{"embeddable":true,"href":"https:\/\/gymnasium-nordenham.de\/en\/wp-json\/wp\/v2\/comments?post=13088"}],"version-history":[{"count":7,"href":"https:\/\/gymnasium-nordenham.de\/en\/wp-json\/wp\/v2\/posts\/13088\/revisions"}],"predecessor-version":[{"id":13108,"href":"https:\/\/gymnasium-nordenham.de\/en\/wp-json\/wp\/v2\/posts\/13088\/revisions\/13108"}],"wp:attachment":[{"href":"https:\/\/gymnasium-nordenham.de\/en\/wp-json\/wp\/v2\/media?parent=13088"}],"wp:term":[{"taxonomy":"category","embeddable":true,"href":"https:\/\/gymnasium-nordenham.de\/en\/wp-json\/wp\/v2\/categories?post=13088"},{"taxonomy":"post_tag","embeddable":true,"href":"https:\/\/gymnasium-nordenham.de\/en\/wp-json\/wp\/v2\/tags?post=13088"}],"curies":[{"name":"wp","href":"https:\/\/api.w.org\/{rel}","templated":true}]}}