{"id":12949,"date":"2025-01-30T14:34:29","date_gmt":"2025-01-30T13:34:29","guid":{"rendered":"https:\/\/gymnasium-nordenham.de\/?p=12949"},"modified":"2025-02-05T14:50:07","modified_gmt":"2025-02-05T13:50:07","slug":"podiumsdiskussion-der-bundestagskandidierenden-am-gymnasium-nordenham","status":"publish","type":"post","link":"https:\/\/gymnasium-nordenham.de\/en\/podiumsdiskussion-der-bundestagskandidierenden-am-gymnasium-nordenham","title":{"rendered":"Podiumsdiskussion der Bundestagskandidierenden am Gymnasium Nordenham"},"content":{"rendered":"<div data-elementor-type=\"wp-post\" data-elementor-id=\"12949\" class=\"elementor elementor-12949\" data-elementor-post-type=\"post\">\n\t\t\t\t\t\t<section class=\"elementor-section elementor-top-section elementor-element elementor-element-118ff95 elementor-section-full_width elementor-section-height-default elementor-section-height-default\" data-id=\"118ff95\" data-element_type=\"section\" data-e-type=\"section\">\n\t\t\t\t\t\t<div class=\"elementor-container elementor-column-gap-default\">\n\t\t\t\t\t<div class=\"elementor-column elementor-col-66 elementor-top-column elementor-element elementor-element-34dc24d\" data-id=\"34dc24d\" data-element_type=\"column\" data-e-type=\"column\">\n\t\t\t<div class=\"elementor-widget-wrap elementor-element-populated\">\n\t\t\t\t\t\t<div class=\"elementor-element elementor-element-3495d02 elementor-widget elementor-widget-heading\" data-id=\"3495d02\" data-element_type=\"widget\" data-e-type=\"widget\" data-widget_type=\"heading.default\">\n\t\t\t\t<div class=\"elementor-widget-container\">\n\t\t\t\t\t<h2 class=\"elementor-heading-title elementor-size-default\">Lebhafte Debatte zur Bundestagswahl In der Aula<\/h2>\t\t\t\t<\/div>\n\t\t\t\t<\/div>\n\t\t\t\t<div class=\"elementor-element elementor-element-ecde086 elementor-widget elementor-widget-image\" data-id=\"ecde086\" data-element_type=\"widget\" data-e-type=\"widget\" data-widget_type=\"image.default\">\n\t\t\t\t<div class=\"elementor-widget-container\">\n\t\t\t\t\t\t\t\t\t\t\t\t\t\t\t<img decoding=\"async\" width=\"640\" height=\"1\" src=\"https:\/\/gymnasium-nordenham.de\/wp-content\/uploads\/2020\/04\/spektrumani.gif\" class=\"attachment-large size-large wp-image-1204\" alt=\"\" \/>\t\t\t\t\t\t\t\t\t\t\t\t\t\t\t<\/div>\n\t\t\t\t<\/div>\n\t\t\t\t<div class=\"elementor-element elementor-element-11332c7 elementor-widget elementor-widget-text-editor\" data-id=\"11332c7\" data-element_type=\"widget\" data-e-type=\"widget\" data-widget_type=\"text-editor.default\">\n\t\t\t\t<div class=\"elementor-widget-container\">\n\t\t\t\t\t\t\t\t\t<p style=\"text-align: justify;\"><span style=\"font-family: georgia, palatino, serif; font-size: 12pt;\">Am Mittwoch fand am Gymnasium Nordenham eine spannende Podiumsdiskussion mit den Bundestagskandidierenden unserer Region statt. Vor den Jahrg\u00e4ngen 12 und 13 diskutierten Bastian Ernst (CDU), Hamza Atilgan (SPD), Christian D\u00fcrr (FDP), Christina-Johanne Schr\u00f6der (B\u00fcndnis 90\/Die Gr\u00fcnen), Kay Kanstein (AfD) und Christian Suhr (Die Linke) \u00fcber aktuelle und kontroverse Themen wie den Bruch der Ampelkoalition, Migration, Klimaschutz und die zunehmende Politikverdrossenheit.<\/span><\/p><p style=\"text-align: justify;\"><span style=\"font-family: georgia, palatino, serif; font-size: 12pt;\">\u00a0Die Veranstaltung wurde von Sanne Clapham und Jonathan G\u00fcnther (beide Jahrgang 13) moderiert, die mit gezielten Fragen f\u00fcr eine lebhafte und abwechslungsreiche Debatte sorgten. Zum Abschluss hatten die Sch\u00fcler:innen die M\u00f6glichkeit, eigene Fragen zu stellen, die engagiert und teils kontrovers diskutiert wurden.<\/span><\/p><p style=\"text-align: justify;\"><span style=\"font-family: georgia, palatino, serif; font-size: 12pt;\">\u00a0Noch lange nach der Diskussion tauschten sich die Sch\u00fcler:innen \u00fcber die Themen aus, f\u00fchrten intensive Gespr\u00e4che und reflektierten die unterschiedlichen Positionen der Kandidierenden.<\/span><\/p><p style=\"text-align: justify;\"><span style=\"font-family: georgia, palatino, serif; font-size: 12pt;\">Ein herzliches Dankesch\u00f6n an alle Teilnehmenden f\u00fcr ihre spannenden Beitr\u00e4ge und an das Publikum f\u00fcr die aufmerksame Beteiligung!<\/span><\/p><p style=\"text-align: justify;\"><span style=\"font-family: georgia, palatino, serif; font-size: 12pt;\">Einen Live-Mitschnitt befindet sich auf unserer Instagram-Seite : <a href=\"https:\/\/www.instagram.com\/reel\/DFH91HFCrnj\/\">Instagram<\/a><\/span><\/p>\t\t\t\t\t\t\t\t<\/div>\n\t\t\t\t<\/div>\n\t\t\t\t<div class=\"elementor-element elementor-element-2482691 elementor-widget elementor-widget-image\" data-id=\"2482691\" data-element_type=\"widget\" data-e-type=\"widget\" data-widget_type=\"image.default\">\n\t\t\t\t<div class=\"elementor-widget-container\">\n\t\t\t\t\t\t\t\t\t\t\t\t\t\t\t<img fetchpriority=\"high\" decoding=\"async\" width=\"2048\" height=\"1228\" src=\"https:\/\/gymnasium-nordenham.de\/wp-content\/uploads\/2025\/01\/41067DC8-A931-4717-8413-A13D9B785779-2048x1228.jpeg\" class=\"attachment-2048x2048 size-2048x2048 wp-image-12952\" alt=\"\" srcset=\"https:\/\/gymnasium-nordenham.de\/wp-content\/uploads\/2025\/01\/41067DC8-A931-4717-8413-A13D9B785779-2048x1228.jpeg 2048w, https:\/\/gymnasium-nordenham.de\/wp-content\/uploads\/2025\/01\/41067DC8-A931-4717-8413-A13D9B785779-300x180.jpeg 300w, https:\/\/gymnasium-nordenham.de\/wp-content\/uploads\/2025\/01\/41067DC8-A931-4717-8413-A13D9B785779-1024x614.jpeg 1024w, https:\/\/gymnasium-nordenham.de\/wp-content\/uploads\/2025\/01\/41067DC8-A931-4717-8413-A13D9B785779-768x461.jpeg 768w, https:\/\/gymnasium-nordenham.de\/wp-content\/uploads\/2025\/01\/41067DC8-A931-4717-8413-A13D9B785779-1536x921.jpeg 1536w\" sizes=\"(max-width: 2048px) 100vw, 2048px\" \/>\t\t\t\t\t\t\t\t\t\t\t\t\t\t\t<\/div>\n\t\t\t\t<\/div>\n\t\t\t\t\t<\/div>\n\t\t<\/div>\n\t\t\t\t<div class=\"elementor-column elementor-col-33 elementor-top-column elementor-element elementor-element-a2de6f4\" data-id=\"a2de6f4\" data-element_type=\"column\" data-e-type=\"column\">\n\t\t\t<div class=\"elementor-widget-wrap elementor-element-populated\">\n\t\t\t\t\t\t<div class=\"elementor-element elementor-element-8fba690 elementor-widget elementor-widget-heading\" data-id=\"8fba690\" data-element_type=\"widget\" data-e-type=\"widget\" data-widget_type=\"heading.default\">\n\t\t\t\t<div class=\"elementor-widget-container\">\n\t\t\t\t\t<h2 class=\"elementor-heading-title elementor-size-default\">Wichtiges im \u00dcberblick<\/h2>\t\t\t\t<\/div>\n\t\t\t\t<\/div>\n\t\t\t\t<div class=\"elementor-element elementor-element-29b69af elementor-nav-menu__align-start elementor-nav-menu--dropdown-tablet elementor-nav-menu__text-align-aside elementor-widget elementor-widget-nav-menu\" data-id=\"29b69af\" data-element_type=\"widget\" data-e-type=\"widget\" data-settings=\"{&quot;layout&quot;:&quot;vertical&quot;,&quot;submenu_icon&quot;:{&quot;value&quot;:&quot;&lt;i class=\\&quot;fas e-plus-icon\\&quot; aria-hidden=\\&quot;true\\&quot;&gt;&lt;\\\/i&gt;&quot;,&quot;library&quot;:&quot;&quot;}}\" data-widget_type=\"nav-menu.default\">\n\t\t\t\t<div class=\"elementor-widget-container\">\n\t\t\t\t\t\t\t\t<nav aria-label=\"Men\u00fc\" class=\"elementor-nav-menu--main elementor-nav-menu__container elementor-nav-menu--layout-vertical e--pointer-none\">\n\t\t\t\t<ul id=\"menu-1-29b69af\" class=\"elementor-nav-menu sm-vertical\"><li class=\"menu-item menu-item-type-post_type menu-item-object-page menu-item-5094\"><a href=\"https:\/\/gymnasium-nordenham.de\/en\/formulare-und-downloads\" class=\"elementor-item\">Formulare und Downloads<\/a><\/li>\n<li class=\"menu-item menu-item-type-custom menu-item-object-custom menu-item-3155\"><a href=\"https:\/\/account.sams-on.de\/authentication\/login?instance=gym-nordenham\" class=\"elementor-item\">Mittagessen Online Bestellung<\/a><\/li>\n<li class=\"menu-item menu-item-type-custom menu-item-object-custom menu-item-3156\"><a href=\"https:\/\/webuntis.com\/\" class=\"elementor-item\">Online Vertretungsplan<\/a><\/li>\n<li class=\"menu-item menu-item-type-post_type menu-item-object-page menu-item-5054\"><a href=\"https:\/\/gymnasium-nordenham.de\/en\/kontakt\" class=\"elementor-item\">Kontakt<\/a><\/li>\n<\/ul>\t\t\t<\/nav>\n\t\t\t\t\t\t<nav class=\"elementor-nav-menu--dropdown elementor-nav-menu__container\" aria-hidden=\"true\">\n\t\t\t\t<ul id=\"menu-2-29b69af\" class=\"elementor-nav-menu sm-vertical\"><li class=\"menu-item menu-item-type-post_type menu-item-object-page menu-item-5094\"><a href=\"https:\/\/gymnasium-nordenham.de\/en\/formulare-und-downloads\" class=\"elementor-item\" tabindex=\"-1\">Formulare und Downloads<\/a><\/li>\n<li class=\"menu-item menu-item-type-custom menu-item-object-custom menu-item-3155\"><a href=\"https:\/\/account.sams-on.de\/authentication\/login?instance=gym-nordenham\" class=\"elementor-item\" tabindex=\"-1\">Mittagessen Online Bestellung<\/a><\/li>\n<li class=\"menu-item menu-item-type-custom menu-item-object-custom menu-item-3156\"><a href=\"https:\/\/webuntis.com\/\" class=\"elementor-item\" tabindex=\"-1\">Online Vertretungsplan<\/a><\/li>\n<li class=\"menu-item menu-item-type-post_type menu-item-object-page menu-item-5054\"><a href=\"https:\/\/gymnasium-nordenham.de\/en\/kontakt\" class=\"elementor-item\" tabindex=\"-1\">Kontakt<\/a><\/li>\n<\/ul>\t\t\t<\/nav>\n\t\t\t\t\t\t<\/div>\n\t\t\t\t<\/div>\n\t\t\t\t<div class=\"elementor-element elementor-element-4a9e18c elementor-nav-menu__align-start elementor-nav-menu--dropdown-tablet elementor-nav-menu__text-align-aside elementor-widget elementor-widget-nav-menu\" data-id=\"4a9e18c\" data-element_type=\"widget\" data-e-type=\"widget\" data-settings=\"{&quot;layout&quot;:&quot;vertical&quot;,&quot;submenu_icon&quot;:{&quot;value&quot;:&quot;&lt;i class=\\&quot;fas e-plus-icon\\&quot; aria-hidden=\\&quot;true\\&quot;&gt;&lt;\\\/i&gt;&quot;,&quot;library&quot;:&quot;&quot;}}\" data-widget_type=\"nav-menu.default\">\n\t\t\t\t<div class=\"elementor-widget-container\">\n\t\t\t\t\t\t\t\t<nav aria-label=\"Men\u00fc\" class=\"elementor-nav-menu--main elementor-nav-menu__container elementor-nav-menu--layout-vertical e--pointer-none\">\n\t\t\t\t<ul id=\"menu-1-4a9e18c\" class=\"elementor-nav-menu sm-vertical\"><li class=\"menu-item menu-item-type-post_type menu-item-object-page menu-item-5075\"><a href=\"https:\/\/gymnasium-nordenham.de\/en\/impressum-2\" class=\"elementor-item\">Impressum<\/a><\/li>\n<li class=\"menu-item menu-item-type-post_type menu-item-object-page menu-item-5074\"><a href=\"https:\/\/gymnasium-nordenham.de\/en\/disclaimer-2\" class=\"elementor-item\">Disclaimer<\/a><\/li>\n<li class=\"menu-item menu-item-type-post_type menu-item-object-page current_page_parent menu-item-5031\"><a href=\"https:\/\/gymnasium-nordenham.de\/en\/archiv\" class=\"elementor-item\">Archiv<\/a><\/li>\n<\/ul>\t\t\t<\/nav>\n\t\t\t\t\t\t<nav class=\"elementor-nav-menu--dropdown elementor-nav-menu__container\" aria-hidden=\"true\">\n\t\t\t\t<ul id=\"menu-2-4a9e18c\" class=\"elementor-nav-menu sm-vertical\"><li class=\"menu-item menu-item-type-post_type menu-item-object-page menu-item-5075\"><a href=\"https:\/\/gymnasium-nordenham.de\/en\/impressum-2\" class=\"elementor-item\" tabindex=\"-1\">Impressum<\/a><\/li>\n<li class=\"menu-item menu-item-type-post_type menu-item-object-page menu-item-5074\"><a href=\"https:\/\/gymnasium-nordenham.de\/en\/disclaimer-2\" class=\"elementor-item\" tabindex=\"-1\">Disclaimer<\/a><\/li>\n<li class=\"menu-item menu-item-type-post_type menu-item-object-page current_page_parent menu-item-5031\"><a href=\"https:\/\/gymnasium-nordenham.de\/en\/archiv\" class=\"elementor-item\" tabindex=\"-1\">Archiv<\/a><\/li>\n<\/ul>\t\t\t<\/nav>\n\t\t\t\t\t\t<\/div>\n\t\t\t\t<\/div>\n\t\t\t\t\t<\/div>\n\t\t<\/div>\n\t\t\t\t\t<\/div>\n\t\t<\/section>\n\t\t\t\t<\/div>","protected":false},"excerpt":{"rendered":"<p>Lebhafte Debatte zur Bundestagswahl In der Aula Am Mittwoch fand am Gymnasium Nordenham eine spannende Podiumsdiskussion mit den Bundestagskandidierenden unserer Region statt. Vor den Jahrg\u00e4ngen 12 und 13 diskutierten Bastian Ernst (CDU), Hamza Atilgan (SPD), Christian D\u00fcrr (FDP), Christina-Johanne Schr\u00f6der &hellip; <a href=\"https:\/\/gymnasium-nordenham.de\/en\/podiumsdiskussion-der-bundestagskandidierenden-am-gymnasium-nordenham\">Continue reading <span class=\"meta-nav\">&rarr;<\/span><\/a><\/p>","protected":false},"author":7,"featured_media":0,"comment_status":"open","ping_status":"open","sticky":false,"template":"elementor_header_footer","format":"standard","meta":{"_crdt_document":"","footnotes":""},"categories":[44],"tags":[],"class_list":["post-12949","post","type-post","status-publish","format-standard","hentry","category-schul-news"],"yoast_head":"<!-- This site is optimized with the Yoast SEO plugin v27.5 - https:\/\/yoast.com\/product\/yoast-seo-wordpress\/ -->\n<title>Podiumsdiskussion der Bundestagskandidierenden am Gymnasium Nordenham - Gymnasium Nordenham<\/title>\n<meta name=\"robots\" content=\"index, follow, max-snippet:-1, max-image-preview:large, max-video-preview:-1\" \/>\n<link rel=\"canonical\" href=\"https:\/\/gymnasium-nordenham.de\/en\/podiumsdiskussion-der-bundestagskandidierenden-am-gymnasium-nordenham\/\" \/>\n<meta property=\"og:locale\" content=\"en_GB\" \/>\n<meta property=\"og:type\" content=\"article\" \/>\n<meta property=\"og:title\" content=\"Podiumsdiskussion der Bundestagskandidierenden am Gymnasium Nordenham - Gymnasium Nordenham\" \/>\n<meta property=\"og:description\" content=\"Lebhafte Debatte zur Bundestagswahl In der Aula Am Mittwoch fand am Gymnasium Nordenham eine spannende Podiumsdiskussion mit den Bundestagskandidierenden unserer Region statt. Vor den Jahrg\u00e4ngen 12 und 13 diskutierten Bastian Ernst (CDU), Hamza Atilgan (SPD), Christian D\u00fcrr (FDP), Christina-Johanne Schr\u00f6der &hellip; Continue reading &rarr;\" \/>\n<meta property=\"og:url\" content=\"https:\/\/gymnasium-nordenham.de\/en\/podiumsdiskussion-der-bundestagskandidierenden-am-gymnasium-nordenham\/\" \/>\n<meta property=\"og:site_name\" content=\"Gymnasium Nordenham\" \/>\n<meta property=\"article:published_time\" content=\"2025-01-30T13:34:29+00:00\" \/>\n<meta property=\"article:modified_time\" content=\"2025-02-05T13:50:07+00:00\" \/>\n<meta property=\"og:image\" content=\"https:\/\/gymnasium-nordenham.de\/wp-content\/uploads\/2020\/04\/spektrumani.gif\" \/>\n\t<meta property=\"og:image:width\" content=\"960\" \/>\n\t<meta property=\"og:image:height\" content=\"2\" \/>\n\t<meta property=\"og:image:type\" content=\"image\/gif\" \/>\n<meta name=\"author\" content=\"Carl Finke\" \/>\n<meta name=\"twitter:card\" content=\"summary_large_image\" \/>\n<meta name=\"twitter:label1\" content=\"Written by\" \/>\n\t<meta name=\"twitter:data1\" content=\"Carl Finke\" \/>\n\t<meta name=\"twitter:label2\" content=\"Estimated reading time\" \/>\n\t<meta name=\"twitter:data2\" content=\"2 minutes\" \/>\n<script type=\"application\/ld+json\" class=\"yoast-schema-graph\">{\"@context\":\"https:\\\/\\\/schema.org\",\"@graph\":[{\"@type\":\"Article\",\"@id\":\"https:\\\/\\\/gymnasium-nordenham.de\\\/podiumsdiskussion-der-bundestagskandidierenden-am-gymnasium-nordenham#article\",\"isPartOf\":{\"@id\":\"https:\\\/\\\/gymnasium-nordenham.de\\\/podiumsdiskussion-der-bundestagskandidierenden-am-gymnasium-nordenham\"},\"author\":{\"name\":\"Carl Finke\",\"@id\":\"https:\\\/\\\/gymnasium-nordenham.de\\\/#\\\/schema\\\/person\\\/7132b17584a9f0d15895a78048e204e3\"},\"headline\":\"Podiumsdiskussion der Bundestagskandidierenden am Gymnasium Nordenham\",\"datePublished\":\"2025-01-30T13:34:29+00:00\",\"dateModified\":\"2025-02-05T13:50:07+00:00\",\"mainEntityOfPage\":{\"@id\":\"https:\\\/\\\/gymnasium-nordenham.de\\\/podiumsdiskussion-der-bundestagskandidierenden-am-gymnasium-nordenham\"},\"wordCount\":182,\"commentCount\":0,\"image\":{\"@id\":\"https:\\\/\\\/gymnasium-nordenham.de\\\/podiumsdiskussion-der-bundestagskandidierenden-am-gymnasium-nordenham#primaryimage\"},\"thumbnailUrl\":\"https:\\\/\\\/gymnasium-nordenham.de\\\/wp-content\\\/uploads\\\/2020\\\/04\\\/spektrumani.gif\",\"articleSection\":[\"Schul-News\"],\"inLanguage\":\"en-GB\",\"potentialAction\":[{\"@type\":\"CommentAction\",\"name\":\"Comment\",\"target\":[\"https:\\\/\\\/gymnasium-nordenham.de\\\/podiumsdiskussion-der-bundestagskandidierenden-am-gymnasium-nordenham#respond\"]}]},{\"@type\":\"WebPage\",\"@id\":\"https:\\\/\\\/gymnasium-nordenham.de\\\/podiumsdiskussion-der-bundestagskandidierenden-am-gymnasium-nordenham\",\"url\":\"https:\\\/\\\/gymnasium-nordenham.de\\\/podiumsdiskussion-der-bundestagskandidierenden-am-gymnasium-nordenham\",\"name\":\"Podiumsdiskussion der Bundestagskandidierenden am Gymnasium Nordenham - Gymnasium Nordenham\",\"isPartOf\":{\"@id\":\"https:\\\/\\\/gymnasium-nordenham.de\\\/#website\"},\"primaryImageOfPage\":{\"@id\":\"https:\\\/\\\/gymnasium-nordenham.de\\\/podiumsdiskussion-der-bundestagskandidierenden-am-gymnasium-nordenham#primaryimage\"},\"image\":{\"@id\":\"https:\\\/\\\/gymnasium-nordenham.de\\\/podiumsdiskussion-der-bundestagskandidierenden-am-gymnasium-nordenham#primaryimage\"},\"thumbnailUrl\":\"https:\\\/\\\/gymnasium-nordenham.de\\\/wp-content\\\/uploads\\\/2020\\\/04\\\/spektrumani.gif\",\"datePublished\":\"2025-01-30T13:34:29+00:00\",\"dateModified\":\"2025-02-05T13:50:07+00:00\",\"author\":{\"@id\":\"https:\\\/\\\/gymnasium-nordenham.de\\\/#\\\/schema\\\/person\\\/7132b17584a9f0d15895a78048e204e3\"},\"breadcrumb\":{\"@id\":\"https:\\\/\\\/gymnasium-nordenham.de\\\/podiumsdiskussion-der-bundestagskandidierenden-am-gymnasium-nordenham#breadcrumb\"},\"inLanguage\":\"en-GB\",\"potentialAction\":[{\"@type\":\"ReadAction\",\"target\":[\"https:\\\/\\\/gymnasium-nordenham.de\\\/podiumsdiskussion-der-bundestagskandidierenden-am-gymnasium-nordenham\"]}]},{\"@type\":\"ImageObject\",\"inLanguage\":\"en-GB\",\"@id\":\"https:\\\/\\\/gymnasium-nordenham.de\\\/podiumsdiskussion-der-bundestagskandidierenden-am-gymnasium-nordenham#primaryimage\",\"url\":\"https:\\\/\\\/gymnasium-nordenham.de\\\/wp-content\\\/uploads\\\/2020\\\/04\\\/spektrumani.gif\",\"contentUrl\":\"https:\\\/\\\/gymnasium-nordenham.de\\\/wp-content\\\/uploads\\\/2020\\\/04\\\/spektrumani.gif\"},{\"@type\":\"BreadcrumbList\",\"@id\":\"https:\\\/\\\/gymnasium-nordenham.de\\\/podiumsdiskussion-der-bundestagskandidierenden-am-gymnasium-nordenham#breadcrumb\",\"itemListElement\":[{\"@type\":\"ListItem\",\"position\":1,\"name\":\"Startseite\",\"item\":\"https:\\\/\\\/gymnasium-nordenham.de\\\/\"},{\"@type\":\"ListItem\",\"position\":2,\"name\":\"Podiumsdiskussion der Bundestagskandidierenden am Gymnasium Nordenham\"}]},{\"@type\":\"WebSite\",\"@id\":\"https:\\\/\\\/gymnasium-nordenham.de\\\/#website\",\"url\":\"https:\\\/\\\/gymnasium-nordenham.de\\\/\",\"name\":\"Gymnasium Nordenham\",\"description\":\"Miteinander, voneinander und f\u00fcreinander lernen\",\"potentialAction\":[{\"@type\":\"SearchAction\",\"target\":{\"@type\":\"EntryPoint\",\"urlTemplate\":\"https:\\\/\\\/gymnasium-nordenham.de\\\/?s={search_term_string}\"},\"query-input\":{\"@type\":\"PropertyValueSpecification\",\"valueRequired\":true,\"valueName\":\"search_term_string\"}}],\"inLanguage\":\"en-GB\"},{\"@type\":\"Person\",\"@id\":\"https:\\\/\\\/gymnasium-nordenham.de\\\/#\\\/schema\\\/person\\\/7132b17584a9f0d15895a78048e204e3\",\"name\":\"Carl Finke\",\"image\":{\"@type\":\"ImageObject\",\"inLanguage\":\"en-GB\",\"@id\":\"https:\\\/\\\/secure.gravatar.com\\\/avatar\\\/5d53853c1286d74d72e6f975fcb8c35a20d949f4e3152bdb3b6f88c04b3c1731?s=96&d=mm&r=g\",\"url\":\"https:\\\/\\\/secure.gravatar.com\\\/avatar\\\/5d53853c1286d74d72e6f975fcb8c35a20d949f4e3152bdb3b6f88c04b3c1731?s=96&d=mm&r=g\",\"contentUrl\":\"https:\\\/\\\/secure.gravatar.com\\\/avatar\\\/5d53853c1286d74d72e6f975fcb8c35a20d949f4e3152bdb3b6f88c04b3c1731?s=96&d=mm&r=g\",\"caption\":\"Carl Finke\"},\"url\":\"https:\\\/\\\/gymnasium-nordenham.de\\\/en\\\/author\\\/redc\"}]}<\/script>\n<!-- \/ Yoast SEO plugin. -->","yoast_head_json":{"title":"Podiumsdiskussion der Bundestagskandidierenden am Gymnasium Nordenham - Gymnasium Nordenham","robots":{"index":"index","follow":"follow","max-snippet":"max-snippet:-1","max-image-preview":"max-image-preview:large","max-video-preview":"max-video-preview:-1"},"canonical":"https:\/\/gymnasium-nordenham.de\/en\/podiumsdiskussion-der-bundestagskandidierenden-am-gymnasium-nordenham\/","og_locale":"en_GB","og_type":"article","og_title":"Podiumsdiskussion der Bundestagskandidierenden am Gymnasium Nordenham - Gymnasium Nordenham","og_description":"Lebhafte Debatte zur Bundestagswahl In der Aula Am Mittwoch fand am Gymnasium Nordenham eine spannende Podiumsdiskussion mit den Bundestagskandidierenden unserer Region statt. Vor den Jahrg\u00e4ngen 12 und 13 diskutierten Bastian Ernst (CDU), Hamza Atilgan (SPD), Christian D\u00fcrr (FDP), Christina-Johanne Schr\u00f6der &hellip; Continue reading &rarr;","og_url":"https:\/\/gymnasium-nordenham.de\/en\/podiumsdiskussion-der-bundestagskandidierenden-am-gymnasium-nordenham\/","og_site_name":"Gymnasium Nordenham","article_published_time":"2025-01-30T13:34:29+00:00","article_modified_time":"2025-02-05T13:50:07+00:00","og_image":[{"width":960,"height":2,"url":"https:\/\/gymnasium-nordenham.de\/wp-content\/uploads\/2020\/04\/spektrumani.gif","type":"image\/gif"}],"author":"Carl Finke","twitter_card":"summary_large_image","twitter_misc":{"Written by":"Carl Finke","Estimated reading time":"2 minutes"},"schema":{"@context":"https:\/\/schema.org","@graph":[{"@type":"Article","@id":"https:\/\/gymnasium-nordenham.de\/podiumsdiskussion-der-bundestagskandidierenden-am-gymnasium-nordenham#article","isPartOf":{"@id":"https:\/\/gymnasium-nordenham.de\/podiumsdiskussion-der-bundestagskandidierenden-am-gymnasium-nordenham"},"author":{"name":"Carl Finke","@id":"https:\/\/gymnasium-nordenham.de\/#\/schema\/person\/7132b17584a9f0d15895a78048e204e3"},"headline":"Podiumsdiskussion der Bundestagskandidierenden am Gymnasium Nordenham","datePublished":"2025-01-30T13:34:29+00:00","dateModified":"2025-02-05T13:50:07+00:00","mainEntityOfPage":{"@id":"https:\/\/gymnasium-nordenham.de\/podiumsdiskussion-der-bundestagskandidierenden-am-gymnasium-nordenham"},"wordCount":182,"commentCount":0,"image":{"@id":"https:\/\/gymnasium-nordenham.de\/podiumsdiskussion-der-bundestagskandidierenden-am-gymnasium-nordenham#primaryimage"},"thumbnailUrl":"https:\/\/gymnasium-nordenham.de\/wp-content\/uploads\/2020\/04\/spektrumani.gif","articleSection":["Schul-News"],"inLanguage":"en-GB","potentialAction":[{"@type":"CommentAction","name":"Comment","target":["https:\/\/gymnasium-nordenham.de\/podiumsdiskussion-der-bundestagskandidierenden-am-gymnasium-nordenham#respond"]}]},{"@type":"WebPage","@id":"https:\/\/gymnasium-nordenham.de\/podiumsdiskussion-der-bundestagskandidierenden-am-gymnasium-nordenham","url":"https:\/\/gymnasium-nordenham.de\/podiumsdiskussion-der-bundestagskandidierenden-am-gymnasium-nordenham","name":"Podiumsdiskussion der Bundestagskandidierenden am Gymnasium Nordenham - Gymnasium Nordenham","isPartOf":{"@id":"https:\/\/gymnasium-nordenham.de\/#website"},"primaryImageOfPage":{"@id":"https:\/\/gymnasium-nordenham.de\/podiumsdiskussion-der-bundestagskandidierenden-am-gymnasium-nordenham#primaryimage"},"image":{"@id":"https:\/\/gymnasium-nordenham.de\/podiumsdiskussion-der-bundestagskandidierenden-am-gymnasium-nordenham#primaryimage"},"thumbnailUrl":"https:\/\/gymnasium-nordenham.de\/wp-content\/uploads\/2020\/04\/spektrumani.gif","datePublished":"2025-01-30T13:34:29+00:00","dateModified":"2025-02-05T13:50:07+00:00","author":{"@id":"https:\/\/gymnasium-nordenham.de\/#\/schema\/person\/7132b17584a9f0d15895a78048e204e3"},"breadcrumb":{"@id":"https:\/\/gymnasium-nordenham.de\/podiumsdiskussion-der-bundestagskandidierenden-am-gymnasium-nordenham#breadcrumb"},"inLanguage":"en-GB","potentialAction":[{"@type":"ReadAction","target":["https:\/\/gymnasium-nordenham.de\/podiumsdiskussion-der-bundestagskandidierenden-am-gymnasium-nordenham"]}]},{"@type":"ImageObject","inLanguage":"en-GB","@id":"https:\/\/gymnasium-nordenham.de\/podiumsdiskussion-der-bundestagskandidierenden-am-gymnasium-nordenham#primaryimage","url":"https:\/\/gymnasium-nordenham.de\/wp-content\/uploads\/2020\/04\/spektrumani.gif","contentUrl":"https:\/\/gymnasium-nordenham.de\/wp-content\/uploads\/2020\/04\/spektrumani.gif"},{"@type":"BreadcrumbList","@id":"https:\/\/gymnasium-nordenham.de\/podiumsdiskussion-der-bundestagskandidierenden-am-gymnasium-nordenham#breadcrumb","itemListElement":[{"@type":"ListItem","position":1,"name":"Startseite","item":"https:\/\/gymnasium-nordenham.de\/"},{"@type":"ListItem","position":2,"name":"Podiumsdiskussion der Bundestagskandidierenden am Gymnasium Nordenham"}]},{"@type":"WebSite","@id":"https:\/\/gymnasium-nordenham.de\/#website","url":"https:\/\/gymnasium-nordenham.de\/","name":"Gymnasium Nordenham","description":"Miteinander, voneinander und f\u00fcreinander lernen","potentialAction":[{"@type":"SearchAction","target":{"@type":"EntryPoint","urlTemplate":"https:\/\/gymnasium-nordenham.de\/?s={search_term_string}"},"query-input":{"@type":"PropertyValueSpecification","valueRequired":true,"valueName":"search_term_string"}}],"inLanguage":"en-GB"},{"@type":"Person","@id":"https:\/\/gymnasium-nordenham.de\/#\/schema\/person\/7132b17584a9f0d15895a78048e204e3","name":"Carl Finke","image":{"@type":"ImageObject","inLanguage":"en-GB","@id":"https:\/\/secure.gravatar.com\/avatar\/5d53853c1286d74d72e6f975fcb8c35a20d949f4e3152bdb3b6f88c04b3c1731?s=96&d=mm&r=g","url":"https:\/\/secure.gravatar.com\/avatar\/5d53853c1286d74d72e6f975fcb8c35a20d949f4e3152bdb3b6f88c04b3c1731?s=96&d=mm&r=g","contentUrl":"https:\/\/secure.gravatar.com\/avatar\/5d53853c1286d74d72e6f975fcb8c35a20d949f4e3152bdb3b6f88c04b3c1731?s=96&d=mm&r=g","caption":"Carl Finke"},"url":"https:\/\/gymnasium-nordenham.de\/en\/author\/redc"}]}},"_links":{"self":[{"href":"https:\/\/gymnasium-nordenham.de\/en\/wp-json\/wp\/v2\/posts\/12949","targetHints":{"allow":["GET"]}}],"collection":[{"href":"https:\/\/gymnasium-nordenham.de\/en\/wp-json\/wp\/v2\/posts"}],"about":[{"href":"https:\/\/gymnasium-nordenham.de\/en\/wp-json\/wp\/v2\/types\/post"}],"author":[{"embeddable":true,"href":"https:\/\/gymnasium-nordenham.de\/en\/wp-json\/wp\/v2\/users\/7"}],"replies":[{"embeddable":true,"href":"https:\/\/gymnasium-nordenham.de\/en\/wp-json\/wp\/v2\/comments?post=12949"}],"version-history":[{"count":10,"href":"https:\/\/gymnasium-nordenham.de\/en\/wp-json\/wp\/v2\/posts\/12949\/revisions"}],"predecessor-version":[{"id":13076,"href":"https:\/\/gymnasium-nordenham.de\/en\/wp-json\/wp\/v2\/posts\/12949\/revisions\/13076"}],"wp:attachment":[{"href":"https:\/\/gymnasium-nordenham.de\/en\/wp-json\/wp\/v2\/media?parent=12949"}],"wp:term":[{"taxonomy":"category","embeddable":true,"href":"https:\/\/gymnasium-nordenham.de\/en\/wp-json\/wp\/v2\/categories?post=12949"},{"taxonomy":"post_tag","embeddable":true,"href":"https:\/\/gymnasium-nordenham.de\/en\/wp-json\/wp\/v2\/tags?post=12949"}],"curies":[{"name":"wp","href":"https:\/\/api.w.org\/{rel}","templated":true}]}}